{"id":26712,"date":"2019-04-28T22:42:25","date_gmt":"2019-04-28T21:42:25","guid":{"rendered":"http:\/\/fegrama.cat\/web\/?p=26712"},"modified":"2019-04-28T22:42:25","modified_gmt":"2019-04-28T21:42:25","slug":"el-cadet-a-va-plantar-cara-al-lider","status":"publish","type":"post","link":"http:\/\/fegrama.cat\/web\/el-cadet-a-va-plantar-cara-al-lider\/","title":{"rendered":"El Cadet A va plantar cara al l\u00edder"},"content":{"rendered":"<p><strong>Cadet A:<\/strong><\/p>\n<p>CA 0 GRANOLLERS 1<br \/>\nGran partit del Cadet A que va plantar cara al l\u00edder de la categoria que va acabar demanant l&#8217;hora.<br \/>\nEl partit comen\u00e7ava amb la Fundaci\u00f3 pressionant molt amunt, incomodant el rival que a penes s&#8217;acostava a la porteria local. A poc a poc, La Grama anava fent-se amb el partit i va estar a punt de posar-se per davant en dues ocasions a pilota parada, que van sortir fregant el pal. Just abans d&#8217;acabar la primera meitat ia la segona aproximaci\u00f3 del Granollers el jugador visitant treia un enorme xut des de la frontal que entrava per tot l&#8217;escaire. 0-1 al descans<br \/>\nA la represa, mateixa din\u00e0mica, La Grama estrenyia i estrenyia davant un l\u00edder que renunciava al seu joc i llan\u00e7ava pilotes a l&#8217;punta en un joc molt directe. A prop va estar el conjunt colomenc d&#8217;aconseguir l&#8217;empat, sobretot en una gran jugada individual d&#8217;Aleix Tiburcio, que s&#8217;estavellava al travesser. Injusta derrota del nostre cadet que va mer\u00e8ixer molt m\u00e9s.<br \/>\nFelicitar als blaus pel seu esfor\u00e7, comprom\u00eds i per l&#8217;evoluci\u00f3 i temporada que estan duent a terme.<\/p>\n<p>CA 0 GRANOLLERS 1<br \/>\nGran partido del Cadete A que plant\u00f3 cara al l\u00edder de la categor\u00eda que acab\u00f3 pidiendo la hora.<br \/>\nEl partido empezaba con la Fundaci\u00f3n presionando muy arriba, incomodando al rival que a penas se acercaba a la porter\u00eda local. Poco a poco, La Grama iba haci\u00e9ndose con el partido y a punto estuvo de ponerse por delante en dos ocasiones a bal\u00f3n parado, que salieron rozando el poste. Justo antes de acabar la primera mitad y en la segunda aproximaci\u00f3n del Granollers el jugador visitante sacaba un enorme disparo desde la frontal que entraba por toda la escuadra. 0-1 al descanso<br \/>\nEn la reanudaci\u00f3n, misma din\u00e1mica, La Grama apretaba y apretaba ante un l\u00edder que renunciaba a su juego y lanzaba balones al punta en un juego muy directo. Cerca estuvo el conjunto colomense de conseguir el empate, sobretodo en una gran jugada individual de Aleix Tiburcio, que se estrellaba en el larguero. Injusta derrota de nuestro cadete que mereci\u00f3 mucho m\u00e1s.<br \/>\nFelicitar a los azules por su esfuerzo, compromiso y por la evoluci\u00f3n y temporada que est\u00e1n llevando a cabo.<\/p>\n<p><strong>Cadet B:<\/strong><\/p>\n<p>Sant Andreu 1-4 Cadet B<\/p>\n<p><strong>Cadet C:<\/strong><\/p>\n<p>Martinenc 1-1 Cadet C<\/p>\n<p><strong>Cadet D:<\/strong><\/p>\n<p>Cadet D 1- 1 Pe\u00f1a Barcino<\/p>\n<p><strong>Cadet E:<\/strong><\/p>\n<p>Almogavers 0-2 Cadet E<\/p>\n<p><strong>Cadet F:<\/strong><\/p>\n<p>Cadet F 1- 4 Poble Sec<\/p>\n","protected":false},"excerpt":{"rendered":"<p>Cadet A: CA 0 GRANOLLERS 1 Gran partit del Cadet A que va plantar cara al l\u00edder de la categoria que va acabar demanant l&#8217;hora. El partit comen\u00e7ava amb la Fundaci\u00f3 pressionant molt amunt, incomodant el rival que a penes s&#8217;acostava a la porteria local. A poc a poc, La Grama anava fent-se amb el [&hellip;]<\/p>\n","protected":false},"author":1,"featured_media":26713,"comment_status":"closed","ping_status":"closed","sticky":false,"template":"","format":"standard","meta":{"footnotes":""},"categories":[4,7],"tags":[],"class_list":["post-26712","post","type-post","status-publish","format-standard","has-post-thumbnail","hentry","category-base-inclusiu","category-cadets"],"_links":{"self":[{"href":"http:\/\/fegrama.cat\/web\/wp-json\/wp\/v2\/posts\/26712","targetHints":{"allow":["GET"]}}],"collection":[{"href":"http:\/\/fegrama.cat\/web\/wp-json\/wp\/v2\/posts"}],"about":[{"href":"http:\/\/fegrama.cat\/web\/wp-json\/wp\/v2\/types\/post"}],"author":[{"embeddable":true,"href":"http:\/\/fegrama.cat\/web\/wp-json\/wp\/v2\/users\/1"}],"replies":[{"embeddable":true,"href":"http:\/\/fegrama.cat\/web\/wp-json\/wp\/v2\/comments?post=26712"}],"version-history":[{"count":1,"href":"http:\/\/fegrama.cat\/web\/wp-json\/wp\/v2\/posts\/26712\/revisions"}],"predecessor-version":[{"id":26714,"href":"http:\/\/fegrama.cat\/web\/wp-json\/wp\/v2\/posts\/26712\/revisions\/26714"}],"wp:featuredmedia":[{"embeddable":true,"href":"http:\/\/fegrama.cat\/web\/wp-json\/wp\/v2\/media\/26713"}],"wp:attachment":[{"href":"http:\/\/fegrama.cat\/web\/wp-json\/wp\/v2\/media?parent=26712"}],"wp:term":[{"taxonomy":"category","embeddable":true,"href":"http:\/\/fegrama.cat\/web\/wp-json\/wp\/v2\/categories?post=26712"},{"taxonomy":"post_tag","embeddable":true,"href":"http:\/\/fegrama.cat\/web\/wp-json\/wp\/v2\/tags?post=26712"}],"curies":[{"name":"wp","href":"https:\/\/api.w.org\/{rel}","templated":true}]}}