{"id":26206,"date":"2019-01-31T16:51:42","date_gmt":"2019-01-31T15:51:42","guid":{"rendered":"http:\/\/fegrama.cat\/web\/?p=26206"},"modified":"2019-01-31T16:51:42","modified_gmt":"2019-01-31T15:51:42","slug":"ultimes-baixes-al-primer-equip","status":"publish","type":"post","link":"http:\/\/fegrama.cat\/web\/ultimes-baixes-al-primer-equip\/","title":{"rendered":"\u00daLTIMES BAIXES AL PRIMER EQUIP."},"content":{"rendered":"<figure id=\"attachment_26207\" aria-describedby=\"caption-attachment-26207\" style=\"width: 618px\" class=\"wp-caption aligncenter\"><a href=\"http:\/\/fegrama.cat\/web\/wp-content\/uploads\/2019\/01\/cristo-ion.jpg\"><img loading=\"lazy\" decoding=\"async\" class=\"size-large wp-image-26207\" src=\"http:\/\/fegrama.cat\/web\/wp-content\/uploads\/2019\/01\/cristo-ion-1024x685.jpg\" alt=\"\" width=\"618\" height=\"413\" srcset=\"http:\/\/fegrama.cat\/web\/wp-content\/uploads\/2019\/01\/cristo-ion-1024x685.jpg 1024w, http:\/\/fegrama.cat\/web\/wp-content\/uploads\/2019\/01\/cristo-ion-300x201.jpg 300w, http:\/\/fegrama.cat\/web\/wp-content\/uploads\/2019\/01\/cristo-ion-768x514.jpg 768w, http:\/\/fegrama.cat\/web\/wp-content\/uploads\/2019\/01\/cristo-ion-290x195.jpg 290w, http:\/\/fegrama.cat\/web\/wp-content\/uploads\/2019\/01\/cristo-ion.jpg 1346w\" sizes=\"auto, (max-width: 618px) 100vw, 618px\" \/><\/a><figcaption id=\"caption-attachment-26207\" class=\"wp-caption-text\">Cristopher i I\u00f3n Perell\u00f3 causen baixa<\/figcaption><\/figure>\n<p>BAIXES: La Fundaci\u00f3 Esportiva Grama vol comunicar que ha arribat a un acord amb Christopher Chavez \u00abCristo\u00bb i amb I\u00f3n Perell\u00f3 per la seva desvinculaci\u00f3 de la nostra Entitat. Des de la FEG els hi volem desitjar molta sort en el seu futur i els agra\u00efm enormement la seva estada amb nosaltres. <span data-offset-key=\"2o4v8-1-0\">#for\u00e7agrama<\/span><\/p>\n<p>&nbsp;<\/p>\n<p>BAJAS: La Fundaci\u00f3 Esportiva Grama quiere comunicar que ha llegado a un acuerdo con Christopher Chavez \u201cCristo\u201d y con I\u00f3n Perell\u00f3 para su desvinculaci\u00f3n de nuestra Entidad. Desde la FEG les deseamos mucha suerte en su futuro y les agradecemos enormemente su estancia con nosotros. #aquinoserindenadie<\/p>\n","protected":false},"excerpt":{"rendered":"<p>BAIXES: La Fundaci\u00f3 Esportiva Grama vol comunicar que ha arribat a un acord amb Christopher Chavez \u00abCristo\u00bb i amb I\u00f3n Perell\u00f3 per la seva desvinculaci\u00f3 de la nostra Entitat. Des de la FEG els hi volem desitjar molta sort en el seu futur i els agra\u00efm enormement la seva estada amb nosaltres. #for\u00e7agrama &nbsp; BAJAS: [&hellip;]<\/p>\n","protected":false},"author":1,"featured_media":26207,"comment_status":"closed","ping_status":"closed","sticky":false,"template":"","format":"standard","meta":{"footnotes":""},"categories":[14],"tags":[],"class_list":["post-26206","post","type-post","status-publish","format-standard","has-post-thumbnail","hentry","category-noticies"],"_links":{"self":[{"href":"http:\/\/fegrama.cat\/web\/wp-json\/wp\/v2\/posts\/26206","targetHints":{"allow":["GET"]}}],"collection":[{"href":"http:\/\/fegrama.cat\/web\/wp-json\/wp\/v2\/posts"}],"about":[{"href":"http:\/\/fegrama.cat\/web\/wp-json\/wp\/v2\/types\/post"}],"author":[{"embeddable":true,"href":"http:\/\/fegrama.cat\/web\/wp-json\/wp\/v2\/users\/1"}],"replies":[{"embeddable":true,"href":"http:\/\/fegrama.cat\/web\/wp-json\/wp\/v2\/comments?post=26206"}],"version-history":[{"count":1,"href":"http:\/\/fegrama.cat\/web\/wp-json\/wp\/v2\/posts\/26206\/revisions"}],"predecessor-version":[{"id":26208,"href":"http:\/\/fegrama.cat\/web\/wp-json\/wp\/v2\/posts\/26206\/revisions\/26208"}],"wp:featuredmedia":[{"embeddable":true,"href":"http:\/\/fegrama.cat\/web\/wp-json\/wp\/v2\/media\/26207"}],"wp:attachment":[{"href":"http:\/\/fegrama.cat\/web\/wp-json\/wp\/v2\/media?parent=26206"}],"wp:term":[{"taxonomy":"category","embeddable":true,"href":"http:\/\/fegrama.cat\/web\/wp-json\/wp\/v2\/categories?post=26206"},{"taxonomy":"post_tag","embeddable":true,"href":"http:\/\/fegrama.cat\/web\/wp-json\/wp\/v2\/tags?post=26206"}],"curies":[{"name":"wp","href":"https:\/\/api.w.org\/{rel}","templated":true}]}}