{"id":26197,"date":"2019-01-29T19:49:21","date_gmt":"2019-01-29T18:49:21","guid":{"rendered":"http:\/\/fegrama.cat\/web\/?p=26197"},"modified":"2019-01-29T19:49:21","modified_gmt":"2019-01-29T18:49:21","slug":"marc-del-cadet-d-i-arnau-del-cadet-b-els-grans-triomfadors-del-cap-de-setmana","status":"publish","type":"post","link":"http:\/\/fegrama.cat\/web\/marc-del-cadet-d-i-arnau-del-cadet-b-els-grans-triomfadors-del-cap-de-setmana\/","title":{"rendered":"Marc del cadet D i Arnau del cadet B els grans triomfadors del cap de setmana."},"content":{"rendered":"<p><strong>Cadet A:<\/strong><\/p>\n<p>Vilassar Dalt 0 CA1<br \/>\nGran vict\u00f2ria del cadet A que despr\u00e9s de portar setmanes buscant-la es va emportar els 3 punts a Santa Coloma.<br \/>\nPrimers 40 minuts on tot i ser la Grama l&#8217;equip millor plantat en el terreny de joc i el dominador, acabava amb l&#8217;ocasi\u00f3 m\u00e9s clara a favor de Vilassar de Dalt. 0-0 al descans!<br \/>\nA la represa, el partit es va obrir molt m\u00e9s i va donar peu a moltes m\u00e9s ocasions per ambd\u00f3s b\u00e0ndols. En el minut 52 i despr\u00e9s d&#8217;una jugada afortunada per als visitants Oliver posava el 0-1 al marcador. A partir d&#8217;aqu\u00ed el Vilassar buscava l&#8217;empat i la Grama contrarestava amb contraatacs per fer el segon. Tots dos conjunts van disposar d&#8217;ocasions per moure el marcador, per\u00f2 al final aquest va ser inamovible i va acabar amb la vict\u00f2ria colomenca.<\/p>\n<p>Vilassar dalt 0 CA 1<br \/>\nGran victoria del cadete A que despu\u00e9s de llevar semanas mereci\u00e9ndola, se trajo los 3 puntos a Santa Coloma.<br \/>\nPrimeros 40 minutos donde a pesar de ser la Grama el equipo mejor plantado en el terreno de juego y el dominador, acababa con la ocasi\u00f3n m\u00e1s clara a favor del Vilassar de Dalt. 0-0 al descanso!<br \/>\nEn la reanudaci\u00f3n, el partido se abri\u00f3 mucho m\u00e1s y dio pi\u00e9 a muchas m\u00e1s ocasiones por ambos bandos. En el minuto 52 y tras una jugada afortunada para los visitantes, Oliver pon\u00eda el 0-1 en el marcador. A partir de aqu\u00ed el Vilassar buscaba el empate y la Grama contrarrestaba con contragolpes para hacer el segundo. Ambos conjuntos dispusieron de ocasiones para mover el marcador , pero al final este fue inamovible y termin\u00f3 con la victoria colomense.<\/p>\n<p><strong>Cadet B:<\/strong><\/p>\n<p>Monta\u00f1esa 1-0 CB<br \/>\nPartit de poder a poder que s&#8217;encarrega de trencar l&#8217;\u00e0rbitre. Primera part molt dura i competida que ens xiula una pena m\u00e0xima inexistent per\u00f2 que resol amb un gran parada un gran Arnau.<br \/>\nL&#8217;\u00e0rbitre seguia xiulant tot a favor del de casa i aix\u00ed \u00e9s molt dif\u00edcil contra el l\u00edder imbatut. A la segona part vam canviar i vam intentar llan\u00e7ar m\u00e9s, la pilota est\u00e0 m\u00e9s en el seu camp per\u00f2 no vam aconseguir materialitzar les 3 oportunitats que tenim, ells han creat alguna tamb\u00e9, sobretot a pilota aturada que solucionava el millor Arnau. Per\u00f2 faltant un minut per al final en una acci\u00f3 a\u00efllada treuen un xut amb l&#8217;esquerra des del v\u00e8rtex de l&#8217;\u00e0rea que no pot fer res el nostre porter. Mal gust de boca, no es pot guanyar el l\u00edder amb un \u00e0rbitre aix\u00ed, felicitar a tots els meus nois pel partit que s&#8217;han marcat, ressaltar a Arnau el porter i Casta\u00f1o central dret.<\/p>\n<p>Monta\u00f1esa 1-0 CB<br \/>\nPartido de poder a poder que se encarga de romper el \u00e1rbitro&#8230;primera parte muy dura y competida que nos pita una pena m\u00e1xima inexistente pero que resuelve con un tremendo parad\u00f3n un gran Arnau.<br \/>\nEl \u00e1rbitro segu\u00eda pitando todo a favor del de casa y as\u00ed es muy dif\u00edcil contra el l\u00edder imbatido. En la segunda parte cambiamos e intentamos lanzar m\u00e1s,la pelota est\u00e1 m\u00e1s en su campo pero no logramos materializar las 3 oportunidades que tenemos,ellos han creado alguna tambi\u00e9n, sobretodo a bal\u00f3n parado que solucionaba el mejor Arnau. Pero faltando un minuto para el final en una acci\u00f3n aislada sacan un zurdazo desde el v\u00e9rtice del \u00e1rea que no puede hacer nada nuestro portero. Mal sabor de boca,no se puede ganar al l\u00edder con un \u00e1rbitro as\u00ed, felicitar a todos mis chicos por el partido que se han marcado, resaltar a Arnau el portero y Casta\u00f1o central derecho.<\/p>\n<p><strong>Cadet C:<\/strong><\/p>\n<p>Cadet C 0 Congres 1<br \/>\nPartit on cap dels equips va sortir concentrat en el partit, cometent molts errors i sense ocasions clares de gol, nom\u00e9s una ocasi\u00f3 clara per als locals en els primers 20 minuts. La segona part i amb 0-0 comen\u00e7aria amb domini de la Grama. En sortida de pilota dels de Kevin P\u00e9rez i despr\u00e9s d&#8217;un error en una passada, arribaria el 0-1 per als visitants en clar fora de joc despr\u00e9s d&#8217;un rebot d&#8217;ells mateixos. A partir d&#8217;aqu\u00ed, seria un setge de joc i ocasions de la Grama que sense estar encertat en ell \u00e0rea rival es quedaria sense premi despr\u00e9s de tot l&#8217;esfor\u00e7 realitzat.<\/p>\n<p>&nbsp;<\/p>\n<p>Cadete C 0 Congres 1<br \/>\nPartido donde ninguno de los equipos sali\u00f3 concentrado en el partido, cometiendo muchos errores y sin ocasiones claras de gol, solo una ocasi\u00f3n clara para los locales en los primeros 20 minutos . La segunda parte y con 0-0 empezar\u00eda con dominio de la Grama. En salida de bal\u00f3n de los de Kevin P\u00e9rez y tras un error en un pase, llegar\u00eda el 0-1 para los visitantes en claro fuera de juego despu\u00e9s de un rebote de ellos mismos. A partir de ah\u00ed, ser\u00eda un asedio de juego y ocasiones de la Grama que sin estar acertado en \u00e9l \u00e1rea rival se quedar\u00eda sin premio despu\u00e9s de todo el esfuerzo realizado.<\/p>\n<p><strong>Cadet D:<\/strong><\/p>\n<p>Cadet D 0 Pedraza 3.<br \/>\nGran treball contra el l\u00edder que a golejat a tots, ens vam anar al descans 0-0 ll\u00e0stima que en el primer minut de la segona ens hem ficat un en pr\u00f2pia porta i ja s&#8217;han desinflat una mica. Cal destacar l&#8217;actuaci\u00f3 del nostre porter Marc amb parades espectaculars.<\/p>\n<p>&nbsp;<\/p>\n<p>Cadete D 0 Pedraza 3.<br \/>\nGran trabajo contra el l\u00edder que a goleado a todos, nos fuimos al descanso 0-0 l\u00e1stima que en el primer minuto de la segunda nos hemos metido uno en propia puerta y ya se han desinchado un poco. Destacar la actuaci\u00f3n de nuestro portero Marc con paradas espectaculares.<\/p>\n<p><strong>Cadet E:<\/strong><\/p>\n<p>Can Buxeres 0-3 Cadet E<\/p>\n<p>Ven\u00edem de tres setmana seguides perdent tot i que les \u00faltimes dues competint molt b\u00e9 contra els col\u00edders, avui era partit que tocava guanyar, i el treball s&#8217;ha fet molt b\u00e9, a la primera part hem sortit molt b\u00e9 i en els primers 10 min hem ficat el primer, despr\u00e9s ens hem desinflat i ells han estat millors tenint alguna que una altra ocasi\u00f3.<\/p>\n<p>Segona part hem estat molt superiors en tots els aspectes i han caigut dos m\u00e9s i ells sense cap ocasi\u00f3.<\/p>\n<p>Gols de Rayn (2), Moya<\/p>\n<p>Can Buxeres 0-3 Cadete E<\/p>\n<p>Ven\u00edamos de tres semana seguidas perdiendo aunque las \u00faltimas dos compitiendo muy bien contra los colideres, hoy era partido que tocaba ganar, y el trabajo se ha hecho muy bien, en la primera parte hemos salido muy bien y en los primeros 10 min hemos metido el primero, despu\u00e9s nos hemos desinflado y ellos han sido mejores teniendo alguna que otra ocasi\u00f3n.<\/p>\n<p>Segunda parte hemos sido muy superiores en todos los aspectos y han ca\u00eddo dos m\u00e1s y ellos sin ninguna ocasi\u00f3n.<\/p>\n<p>Goles de Rayn(2), Moya<\/p>\n<p><strong>Cadet F:<\/strong><\/p>\n<p>CF 3 Penitens 4<br \/>\nPartit molt igualat, sienpre a remolc, nosortos vam posar el joc i ells trencant el joc a for\u00e7a de cop i buscant la sent\u00e8ncia. A falta de 2 minuts en un fora de joc clar\u00edssim ens marcarien el 3 a 4 final. Una derrota no merescuda.<\/p>\n<p>CF 3 Penitens 4<br \/>\nPartido muy igualado, sienpre a remolque, nosortos pusimos el juego y ellos ronpiendo el juego a base de golpeo y buscando el fallo. A falta de 2 minutos en un fuera de juego clar\u00edsimo nos marcar\u00edan el 3 a 4 final. Una derrota no merecida.<\/p>\n","protected":false},"excerpt":{"rendered":"<p>Cadet A: Vilassar Dalt 0 CA1 Gran vict\u00f2ria del cadet A que despr\u00e9s de portar setmanes buscant-la es va emportar els 3 punts a Santa Coloma. Primers 40 minuts on tot i ser la Grama l&#8217;equip millor plantat en el terreny de joc i el dominador, acabava amb l&#8217;ocasi\u00f3 m\u00e9s clara a favor de Vilassar [&hellip;]<\/p>\n","protected":false},"author":1,"featured_media":26151,"comment_status":"closed","ping_status":"closed","sticky":false,"template":"","format":"standard","meta":{"footnotes":""},"categories":[4,7],"tags":[],"class_list":["post-26197","post","type-post","status-publish","format-standard","has-post-thumbnail","hentry","category-base-inclusiu","category-cadets"],"_links":{"self":[{"href":"http:\/\/fegrama.cat\/web\/wp-json\/wp\/v2\/posts\/26197","targetHints":{"allow":["GET"]}}],"collection":[{"href":"http:\/\/fegrama.cat\/web\/wp-json\/wp\/v2\/posts"}],"about":[{"href":"http:\/\/fegrama.cat\/web\/wp-json\/wp\/v2\/types\/post"}],"author":[{"embeddable":true,"href":"http:\/\/fegrama.cat\/web\/wp-json\/wp\/v2\/users\/1"}],"replies":[{"embeddable":true,"href":"http:\/\/fegrama.cat\/web\/wp-json\/wp\/v2\/comments?post=26197"}],"version-history":[{"count":1,"href":"http:\/\/fegrama.cat\/web\/wp-json\/wp\/v2\/posts\/26197\/revisions"}],"predecessor-version":[{"id":26198,"href":"http:\/\/fegrama.cat\/web\/wp-json\/wp\/v2\/posts\/26197\/revisions\/26198"}],"wp:featuredmedia":[{"embeddable":true,"href":"http:\/\/fegrama.cat\/web\/wp-json\/wp\/v2\/media\/26151"}],"wp:attachment":[{"href":"http:\/\/fegrama.cat\/web\/wp-json\/wp\/v2\/media?parent=26197"}],"wp:term":[{"taxonomy":"category","embeddable":true,"href":"http:\/\/fegrama.cat\/web\/wp-json\/wp\/v2\/categories?post=26197"},{"taxonomy":"post_tag","embeddable":true,"href":"http:\/\/fegrama.cat\/web\/wp-json\/wp\/v2\/tags?post=26197"}],"curies":[{"name":"wp","href":"https:\/\/api.w.org\/{rel}","templated":true}]}}