{"id":26188,"date":"2019-01-28T21:45:53","date_gmt":"2019-01-28T20:45:53","guid":{"rendered":"http:\/\/fegrama.cat\/web\/?p=26188"},"modified":"2019-01-28T21:45:53","modified_gmt":"2019-01-28T20:45:53","slug":"bon-cap-de-semana-dels-nostres-petits","status":"publish","type":"post","link":"http:\/\/fegrama.cat\/web\/bon-cap-de-semana-dels-nostres-petits\/","title":{"rendered":"Bon cap de semana dels nostres petits."},"content":{"rendered":"<p><strong>Escola A:<\/strong><\/p>\n<p>Bufal\u00e0 CF 2 Escu.A 7<br \/>\nCada dia millor gaudint i aprenent m\u00e9s.<\/p>\n<p>Bufal\u00e0 CF 2 Escu.A 7<br \/>\nCada d\u00eda mejor disfrutando y aprendiendo m\u00e1s.<\/p>\n<p><strong>Escola B:<\/strong><\/p>\n<p>Partit molt disputat fins al final entre l&#8217;Escola B i la Montanyesa amb un resultat de 3 gols a 4. En un partit molt disputat fins a l&#8217;\u00faltim minut, en els quals han lluitat fins al final, una pena que ens hagin encaixat 3 gols en el primer quart, despr\u00e9s han sabut aguantar i remuntar un 0-3. Molt orgulloses de la feina dels nens.<\/p>\n<p>Partido muy re\u00f1ido hasta el final entre la Escuela B y la Monta\u00f1esa con un resultado de 3 goles a 4. En un partido muy disputado hasta el ultimo minuto, en los cuales han luchado hasta el final, una pena que nos hayan encajado 3 goles en el primer cuarto, luego han sabido aguantar y remontar un 0-3. Muy orgullosas del trabajo de los ni\u00f1os.<\/p>\n","protected":false},"excerpt":{"rendered":"<p>Escola A: Bufal\u00e0 CF 2 Escu.A 7 Cada dia millor gaudint i aprenent m\u00e9s. Bufal\u00e0 CF 2 Escu.A 7 Cada d\u00eda mejor disfrutando y aprendiendo m\u00e1s. Escola B: Partit molt disputat fins al final entre l&#8217;Escola B i la Montanyesa amb un resultat de 3 gols a 4. En un partit molt disputat fins a [&hellip;]<\/p>\n","protected":false},"author":1,"featured_media":26116,"comment_status":"closed","ping_status":"closed","sticky":false,"template":"","format":"standard","meta":{"footnotes":""},"categories":[4,33],"tags":[],"class_list":["post-26188","post","type-post","status-publish","format-standard","has-post-thumbnail","hentry","category-base-inclusiu","category-escola-diari-feg"],"_links":{"self":[{"href":"http:\/\/fegrama.cat\/web\/wp-json\/wp\/v2\/posts\/26188","targetHints":{"allow":["GET"]}}],"collection":[{"href":"http:\/\/fegrama.cat\/web\/wp-json\/wp\/v2\/posts"}],"about":[{"href":"http:\/\/fegrama.cat\/web\/wp-json\/wp\/v2\/types\/post"}],"author":[{"embeddable":true,"href":"http:\/\/fegrama.cat\/web\/wp-json\/wp\/v2\/users\/1"}],"replies":[{"embeddable":true,"href":"http:\/\/fegrama.cat\/web\/wp-json\/wp\/v2\/comments?post=26188"}],"version-history":[{"count":1,"href":"http:\/\/fegrama.cat\/web\/wp-json\/wp\/v2\/posts\/26188\/revisions"}],"predecessor-version":[{"id":26189,"href":"http:\/\/fegrama.cat\/web\/wp-json\/wp\/v2\/posts\/26188\/revisions\/26189"}],"wp:featuredmedia":[{"embeddable":true,"href":"http:\/\/fegrama.cat\/web\/wp-json\/wp\/v2\/media\/26116"}],"wp:attachment":[{"href":"http:\/\/fegrama.cat\/web\/wp-json\/wp\/v2\/media?parent=26188"}],"wp:term":[{"taxonomy":"category","embeddable":true,"href":"http:\/\/fegrama.cat\/web\/wp-json\/wp\/v2\/categories?post=26188"},{"taxonomy":"post_tag","embeddable":true,"href":"http:\/\/fegrama.cat\/web\/wp-json\/wp\/v2\/tags?post=26188"}],"curies":[{"name":"wp","href":"https:\/\/api.w.org\/{rel}","templated":true}]}}