{"id":25959,"date":"2018-12-02T23:23:54","date_gmt":"2018-12-02T22:23:54","guid":{"rendered":"http:\/\/fegrama.cat\/web\/?p=25959"},"modified":"2018-12-02T23:23:54","modified_gmt":"2018-12-02T22:23:54","slug":"segueix-la-ratxa-del-juvenil-a","status":"publish","type":"post","link":"http:\/\/fegrama.cat\/web\/segueix-la-ratxa-del-juvenil-a\/","title":{"rendered":"Segueix la ratxa del Juvenil A"},"content":{"rendered":"<figure id=\"attachment_25886\" aria-describedby=\"caption-attachment-25886\" style=\"width: 696px\" class=\"wp-caption alignnone\"><a href=\"http:\/\/fegrama.cat\/web\/wp-content\/uploads\/2018\/11\/Juvenil-A.jpg\"><img loading=\"lazy\" decoding=\"async\" class=\"size-full wp-image-25886\" src=\"http:\/\/fegrama.cat\/web\/wp-content\/uploads\/2018\/11\/Juvenil-A.jpg\" alt=\"\" width=\"696\" height=\"464\" srcset=\"http:\/\/fegrama.cat\/web\/wp-content\/uploads\/2018\/11\/Juvenil-A.jpg 696w, http:\/\/fegrama.cat\/web\/wp-content\/uploads\/2018\/11\/Juvenil-A-300x200.jpg 300w\" sizes=\"auto, (max-width: 696px) 100vw, 696px\" \/><\/a><figcaption id=\"caption-attachment-25886\" class=\"wp-caption-text\">foto: Joan Villagrasa<\/figcaption><\/figure>\n<p>JUVENIL A<\/p>\n<p>Emoci\u00f3 fins a l\u2019\u00faltim minut entre el Juvenil A i J.M. Gen\u00e9. La primera part va ser marcada per les imprecisions de cara a porteria i on, ambd\u00f3s equips, han fallat als metros finals. Encara aix\u00ed, en una errada de sortida de pilota la Grama ha tingut la seva i Bruno ha anotat el 0-1.<\/p>\n<p>La segona part ha sigut calcada a la primera, passis imprecisos y molt de nerviosisme. Els nois de Lu\u00eds Hernando han pogut ampliar l\u2019avantatge en alguna contra per\u00f2 no hem pogut definir, s\u2019ha mantingut el resultat i l\u2019emoci\u00f3 ha estat assegurada fins que l\u2019\u00e0rbitre ha xiulat.<\/p>\n<p>Emoci\u00f3n hasta el \u00faltimo minuto entre el Juvenil A y J. M. Gen\u00e9. La primera parte fue marcada por las imprecisiones de cara a porter\u00eda y donde, ambos equipos, han fallado en los metros finales. A\u00fan as\u00ed, en un error en la salida de bal\u00f3n, la Grama ha tenido la suya y Bruno anot\u00f3 el 0-1.<br \/>\nLa segunda parte ha sido calcada a la primera, pases imprecisos y mucho nerviosismo. Los chicos de Lu\u00eds Hernando han podido ampliar la ventaja en alguna contra pero no hemos podido definir, se ha mantenido el resultado y la emoci\u00f3n ha estado asegurada hasta el pitido del \u00e1rbitro.<\/p>\n<p>[divider]<\/p>\n<p>JUVENIL B<\/p>\n<p>Els entrenadors diuen que es juga com s\u2019entrena i en una setmana on el Juvenil B no ha pogut entrenar amb els seus efectius el partit de dissabte ha resultat un desastre.<\/p>\n<p>El 3-0 final contra Sarri\u00e0 va comen\u00e7ar amb un error als primers minuts que va significar el primer gol en contra . Des d\u2019aqu\u00ed c\u00famul d\u2019errors, falta de seguretat, falta d\u2019intensitat i tots els duels perduts sense acudir a lluitar una segona jugada. Al minut 10 de la segona part els nostres ja perdien 3-0 i els nostres jugadors van abaixar els bra\u00e7os sense cap tipus de motivaci\u00f3. Queda centrar l\u2019equip i corregir all\u00f2 que ens fa tan febles.<\/p>\n<p>Los entrenadores dicen que se juega como se entrena, y en una semana donde el Juvenil B no ha podido entrenar con sus efectivos, el partido del s\u00e1bado ha resultado un desastre.<br \/>\nEl 3-0 final contra Sarri\u00e0 comenz\u00f3 con un error en los primeros minutos que signific\u00f3 el primer gol en contra. Desde aqu\u00ed, c\u00famulo de errores, falta de seguridad, falta de intensidad y todos los duelos perdidos sin acudir a luchar una segunda jugada. En el minuto 10 de la segunda parte, los nuestros ya perd\u00edan 3-0 y bajaron los brazos sin ning\u00fan tipo de motivaci\u00f3n. Queda centrar al equipo y corregir lo que nos hace tan d\u00e9biles.<\/p>\n<p>[divider]<\/p>\n<p>JUVENIL C<\/p>\n<p>La falta d\u2019efectivitat de cara a porteria condemna al Juvenil C contra la Unificaci\u00f3 Bellvitge. Oportunitats durant la primera part per anotar no li van faltar a l\u2019equip de Paco Tamudo per\u00f2 nom\u00e9s una ocasi\u00f3 del Bellvitge, despr\u00e9s d\u2019un error colomenc, va significar l\u20191-0 abans del descans.<\/p>\n<p>La segona meitat va ser id\u00e8ntica a la primera. Control absolut de la Grama sense aconseguir el gol i dos errades defensives ens van posar per sota al marcador per 3-0. Ja al final del partit el Juvenil C va retallar dist\u00e0ncies amb el 3-1 definitiu i sense temps per m\u00e9s.<\/p>\n<p>La falta de efectividad de cara a porter\u00eda condena al Juvenil C contra la Unificaci\u00f3 Bellvitge. Oportunidades durante la primera parte para anotar no le faltaron al equipo de Paco Tamudo pero s\u00f3lo una ocasi\u00f3n del Bellvitge, tras un error colomense, signific\u00f3 el 1-0 antes del descanso.<br \/>\nLa segunda mitad fue id\u00e9ntica a la primera. Control absoluto de la Grama sin conseguir el gol y dos errores defensivos nos pusieron por debajo en el marcador por 3-0. Ya al \u200b\u200bfinal del partido el Juvenil C recort\u00f3 distancias con el 3-1 definitivo y sin tiempo para m\u00e1s.<\/p>\n","protected":false},"excerpt":{"rendered":"<p>JUVENIL A Emoci\u00f3 fins a l\u2019\u00faltim minut entre el Juvenil A i J.M. Gen\u00e9. La primera part va ser marcada per les imprecisions de cara a porteria i on, ambd\u00f3s equips, han fallat als metros finals. Encara aix\u00ed, en una errada de sortida de pilota la Grama ha tingut la seva i Bruno ha anotat [&hellip;]<\/p>\n","protected":false},"author":1,"featured_media":25886,"comment_status":"closed","ping_status":"closed","sticky":false,"template":"","format":"standard","meta":{"footnotes":""},"categories":[4,6],"tags":[],"class_list":["post-25959","post","type-post","status-publish","format-standard","has-post-thumbnail","hentry","category-base-inclusiu","category-juvenils"],"_links":{"self":[{"href":"http:\/\/fegrama.cat\/web\/wp-json\/wp\/v2\/posts\/25959","targetHints":{"allow":["GET"]}}],"collection":[{"href":"http:\/\/fegrama.cat\/web\/wp-json\/wp\/v2\/posts"}],"about":[{"href":"http:\/\/fegrama.cat\/web\/wp-json\/wp\/v2\/types\/post"}],"author":[{"embeddable":true,"href":"http:\/\/fegrama.cat\/web\/wp-json\/wp\/v2\/users\/1"}],"replies":[{"embeddable":true,"href":"http:\/\/fegrama.cat\/web\/wp-json\/wp\/v2\/comments?post=25959"}],"version-history":[{"count":1,"href":"http:\/\/fegrama.cat\/web\/wp-json\/wp\/v2\/posts\/25959\/revisions"}],"predecessor-version":[{"id":25960,"href":"http:\/\/fegrama.cat\/web\/wp-json\/wp\/v2\/posts\/25959\/revisions\/25960"}],"wp:featuredmedia":[{"embeddable":true,"href":"http:\/\/fegrama.cat\/web\/wp-json\/wp\/v2\/media\/25886"}],"wp:attachment":[{"href":"http:\/\/fegrama.cat\/web\/wp-json\/wp\/v2\/media?parent=25959"}],"wp:term":[{"taxonomy":"category","embeddable":true,"href":"http:\/\/fegrama.cat\/web\/wp-json\/wp\/v2\/categories?post=25959"},{"taxonomy":"post_tag","embeddable":true,"href":"http:\/\/fegrama.cat\/web\/wp-json\/wp\/v2\/tags?post=25959"}],"curies":[{"name":"wp","href":"https:\/\/api.w.org\/{rel}","templated":true}]}}