{"id":25942,"date":"2018-11-26T21:00:45","date_gmt":"2018-11-26T20:00:45","guid":{"rendered":"http:\/\/fegrama.cat\/web\/?p=25942"},"modified":"2018-11-26T21:00:45","modified_gmt":"2018-11-26T20:00:45","slug":"prebenjamins-i-escola-els-petits-tambe-saben-jugar","status":"publish","type":"post","link":"http:\/\/fegrama.cat\/web\/prebenjamins-i-escola-els-petits-tambe-saben-jugar\/","title":{"rendered":"Prebenjamins i Escola: Els petits tamb\u00e9 saben jugar!!!"},"content":{"rendered":"<p>PREBENJAM\u00cd A<\/p>\n<p>Partit intens i ben treballat pels nois de la Fundaci\u00f3 Esportiva Grama que ens permet agafar confian\u00e7a. Control absolut de la Grama des de l\u2019inici per\u00f2 sense concretar les ocasions. Amb 2-1 es va arribar al descans. Ja a la segona meitat l\u2019equip va pressionar l\u2019accelerador i va posar-se 5-1. L\u2019\u00faltim quart, amb certa relaxaci\u00f3, el Llefi\u00e0 ho va intentar apropant-se al marcador amb el 5-3 definitiu.<\/p>\n<p>Partido intenso y bien trabajado por los chicos de la Fundaci\u00f3 Esportiva Grama que nos permite coger confianza. Control absoluto de la Grama desde el inicio pero sin concretar las ocasiones. Con 2-1 se lleg\u00f3 al descanso. Ya en la segunda mitad el equipo presion\u00f3 el acelerador y pudo ponerse 5-1. El \u00faltimo cuarto, con cierta relajaci\u00f3n, el Llefi\u00e0 lo intent\u00f3 acerc\u00e1ndose en el marcador con el 5-3 definitivo.<\/p>\n<p>[divider]<\/p>\n<p>PREBENJAM\u00cd B<\/p>\n<p>Vict\u00f2ria del Prebenjam\u00ed B davant del Santa Eulalia, dos equips de la part alta de la classificaci\u00f3. La bona entrada al partit amb intensitat i pressi\u00f3 ha posat als nostres per davant amb 2-0, gols de Khaled i Iago. Despr\u00e9s d\u2019aix\u00f2 els colomencs s\u2019han relaxat i han vist com el Santa Eulalia s\u2019apropava al marcador amb el 2-1 justament abans del descans.<\/p>\n<p>La segona part va estar m\u00e9s moguda. La Grama va sortir disposada a mostrar la seva superioritat i, amb aquesta actitud, Sergio i Khaled (Hattrick) es va arribar al final del Tercer quart amb 5-2. Finalment els visitants van intentar decorar el resultat i, amb l\u2019ajuda de la relaxaci\u00f3 dels nostres, el marcador va quedar en un engany\u00f3s 6-5 definitiu.<\/p>\n<p>Victoria del Prebenjam\u00edn B ante el Santa Eulalia, dos equipos de la parte alta de la clasificaci\u00f3n. La buena entrada al partido con intensidad y presi\u00f3n ha puesto a los nuestros por delante con 2-0, goles de Khaled y Iago. Despu\u00e9s de esto los colomenses se han relajado y han visto como el Santa Eulalia se acercaba en el marcador con el 2-1 justo antes del descanso.<br \/>\nLa segunda parte estuvo m\u00e1s movida. La Grama sali\u00f3 dispuesta a mostrar su superioridad y, con esta actitud, Sergio y Khaled (Hattrick) se lleg\u00f3 al final del Tercer cuarto con 5-2. Finalmente los visitantes intentaron decorar el resultado y, con la ayuda de la relajaci\u00f3n de los nuestros, el marcador qued\u00f3 en un enga\u00f1oso 6-5 definitivo.<\/p>\n<p>[divider]<\/p>\n<figure id=\"attachment_25943\" aria-describedby=\"caption-attachment-25943\" style=\"width: 618px\" class=\"wp-caption aligncenter\"><a href=\"http:\/\/fegrama.cat\/web\/wp-content\/uploads\/2018\/11\/Prebenj-c.jpg\"><img loading=\"lazy\" decoding=\"async\" class=\"size-large wp-image-25943\" src=\"http:\/\/fegrama.cat\/web\/wp-content\/uploads\/2018\/11\/Prebenj-c-768x1024.jpg\" alt=\"\" width=\"618\" height=\"824\" srcset=\"http:\/\/fegrama.cat\/web\/wp-content\/uploads\/2018\/11\/Prebenj-c-768x1024.jpg 768w, http:\/\/fegrama.cat\/web\/wp-content\/uploads\/2018\/11\/Prebenj-c-225x300.jpg 225w, http:\/\/fegrama.cat\/web\/wp-content\/uploads\/2018\/11\/Prebenj-c.jpg 1200w\" sizes=\"auto, (max-width: 618px) 100vw, 618px\" \/><\/a><figcaption id=\"caption-attachment-25943\" class=\"wp-caption-text\">El Prebenjam\u00ed C<\/figcaption><\/figure>\n<p>PREBENJAM\u00cd C<\/p>\n<p>Bon duel entre Monta\u00f1esa i Prebenjam\u00ed C de la Grama, encara que el marcador no ho digui, va ser un duel competit fins al segon quart. Un gol en pr\u00f2pia porta dels locals els va fer mal i va donar pas a la golejada final de la Grama per 0-9.<\/p>\n<p>Buen duelo entre Monta\u00f1esa y Prebenjam\u00edn C de la Grama, aunque el marcador no lo diga, fue un duelo competido hasta el segundo cuarto. Un gol en propia puerta de los locales les hizo mal y dio paso a la goleada final de la Grama por 0-9.<\/p>\n<p>[divider]<\/p>\n<figure id=\"attachment_25944\" aria-describedby=\"caption-attachment-25944\" style=\"width: 618px\" class=\"wp-caption aligncenter\"><a href=\"http:\/\/fegrama.cat\/web\/wp-content\/uploads\/2018\/11\/pREBENJ-D.jpg\"><img loading=\"lazy\" decoding=\"async\" class=\"size-large wp-image-25944\" src=\"http:\/\/fegrama.cat\/web\/wp-content\/uploads\/2018\/11\/pREBENJ-D-1024x768.jpg\" alt=\"\" width=\"618\" height=\"464\" srcset=\"http:\/\/fegrama.cat\/web\/wp-content\/uploads\/2018\/11\/pREBENJ-D-1024x768.jpg 1024w, http:\/\/fegrama.cat\/web\/wp-content\/uploads\/2018\/11\/pREBENJ-D-300x225.jpg 300w, http:\/\/fegrama.cat\/web\/wp-content\/uploads\/2018\/11\/pREBENJ-D-768x576.jpg 768w, http:\/\/fegrama.cat\/web\/wp-content\/uploads\/2018\/11\/pREBENJ-D.jpg 1600w\" sizes=\"auto, (max-width: 618px) 100vw, 618px\" \/><\/a><figcaption id=\"caption-attachment-25944\" class=\"wp-caption-text\">El Prebenjam\u00ed D de la Grama<\/figcaption><\/figure>\n<p>PREBENJAM\u00cd D<\/p>\n<p>La falta d\u2019intensitat als dos primers quarts va condemnar als colomencs que es van anar al descans perdent per 1-0.\u00a0 El tercer i quart quarts han estat controlats per la Grama que ho ha intentat tot per aconseguir l\u2019empat. Sense sort la pilota no ha entrat i una contra de la \u201cMonta\u201d ha acabat amb el 2-0 definitiu. Bon treball dels nois que hauran de prestar atenci\u00f3 durant la setmana per corregir error.<\/p>\n<p>La falta de intensidad en los dos primeros cuartos conden\u00f3 a los colomenses que se fueron al descanso perdiendo por 1-0. El tercer y cuarto cuartos han sido controlados por la Grama que lo ha intentado todo para conseguir el empate. Sin suerte el bal\u00f3n no ha entrado y una contra de la \u00abMonta\u00bb ha acabado con el 2-0 definitivo. Buen trabajo de los chicos que deber\u00e1n prestar atenci\u00f3n durante la semana para corregir error.<\/p>\n<p>[divider]<\/p>\n<p>PREBENJAM\u00cd E<\/p>\n<p>Amb el handicap de jugar sense el seu porter i contra un equip molt m\u00e9s treballat, el prebenjam\u00ed E de la Grama ha caigut golejat contra el Young Talent. Poca intensitat en els dos primers quarts ha desnivellat el marcador molt d\u2019hora i els nostres no han pogut reaccionar. Resultat final: 3-10.<\/p>\n<p>Con el handicap de jugar sin su portero y contra un equipo mucho m\u00e1s trabajado, el prebenjam\u00edn E de la Grama ha ca\u00eddo goleado contra el Young Talent. Poca intensidad en los dos primeros cuartos ha desnivelado el marcador muy temprano y los nuestros no han podido reaccionar. Resultado final: 3-10.<\/p>\n<p>[divider]<\/p>\n<p>ESCOLA A<\/p>\n<p>Jugant un partit contra un equip rodat de la part alta els nostres han donat la cara d\u2019inici. Molta lluita durant tot el partit, bona col\u00b7locaci\u00f3 en el primer quart i potser la dispersi\u00f3 final ha provocat la golejada final del Sant Gabriel per 9\u00a0 a 2. Una bona lli\u00e7\u00f3 per la nostra escola.<\/p>\n<p>Jugando un partido contra un equipo rodado de la parte alta, los nuestros han dado la cara de inicio. Mucha lucha durante todo el partido, buena colocaci\u00f3n en el primer cuarto y quiz\u00e1s la dispersi\u00f3n final ha provocado la goleada final del San Gabriel por 9 a 2. Una buena lecci\u00f3n para nuestra escuela.<\/p>\n","protected":false},"excerpt":{"rendered":"<p>PREBENJAM\u00cd A Partit intens i ben treballat pels nois de la Fundaci\u00f3 Esportiva Grama que ens permet agafar confian\u00e7a. Control absolut de la Grama des de l\u2019inici per\u00f2 sense concretar les ocasions. Amb 2-1 es va arribar al descans. Ja a la segona meitat l\u2019equip va pressionar l\u2019accelerador i va posar-se 5-1. L\u2019\u00faltim quart, amb [&hellip;]<\/p>\n","protected":false},"author":1,"featured_media":25944,"comment_status":"closed","ping_status":"closed","sticky":false,"template":"","format":"standard","meta":{"footnotes":""},"categories":[4,33,12],"tags":[],"class_list":["post-25942","post","type-post","status-publish","format-standard","has-post-thumbnail","hentry","category-base-inclusiu","category-escola-diari-feg","category-prebenjamins"],"_links":{"self":[{"href":"http:\/\/fegrama.cat\/web\/wp-json\/wp\/v2\/posts\/25942","targetHints":{"allow":["GET"]}}],"collection":[{"href":"http:\/\/fegrama.cat\/web\/wp-json\/wp\/v2\/posts"}],"about":[{"href":"http:\/\/fegrama.cat\/web\/wp-json\/wp\/v2\/types\/post"}],"author":[{"embeddable":true,"href":"http:\/\/fegrama.cat\/web\/wp-json\/wp\/v2\/users\/1"}],"replies":[{"embeddable":true,"href":"http:\/\/fegrama.cat\/web\/wp-json\/wp\/v2\/comments?post=25942"}],"version-history":[{"count":1,"href":"http:\/\/fegrama.cat\/web\/wp-json\/wp\/v2\/posts\/25942\/revisions"}],"predecessor-version":[{"id":25945,"href":"http:\/\/fegrama.cat\/web\/wp-json\/wp\/v2\/posts\/25942\/revisions\/25945"}],"wp:featuredmedia":[{"embeddable":true,"href":"http:\/\/fegrama.cat\/web\/wp-json\/wp\/v2\/media\/25944"}],"wp:attachment":[{"href":"http:\/\/fegrama.cat\/web\/wp-json\/wp\/v2\/media?parent=25942"}],"wp:term":[{"taxonomy":"category","embeddable":true,"href":"http:\/\/fegrama.cat\/web\/wp-json\/wp\/v2\/categories?post=25942"},{"taxonomy":"post_tag","embeddable":true,"href":"http:\/\/fegrama.cat\/web\/wp-json\/wp\/v2\/tags?post=25942"}],"curies":[{"name":"wp","href":"https:\/\/api.w.org\/{rel}","templated":true}]}}