{"id":25934,"date":"2018-11-26T19:50:27","date_gmt":"2018-11-26T18:50:27","guid":{"rendered":"http:\/\/fegrama.cat\/web\/?p=25934"},"modified":"2018-11-26T19:50:27","modified_gmt":"2018-11-26T18:50:27","slug":"els-nois-de-lalevi-g-sumen-tres-punts-dor","status":"publish","type":"post","link":"http:\/\/fegrama.cat\/web\/els-nois-de-lalevi-g-sumen-tres-punts-dor\/","title":{"rendered":"Els nois de l&#8217;Alev\u00ed G sumen tres punts d&#8217;or"},"content":{"rendered":"<p>ALEV\u00cd A<\/p>\n<p>Espectacular partit el que va disputar l\u2019Alev\u00ed A de la Grama contra el Martinenc. El resultat final va ser de 4-3 per\u00f2 la clau va estar en el primer quart. Els colomencs van sortit adormits i van propiciar l\u2019avantantge local. Aix\u00f2 penalitza molt a la primera divisi\u00f3 i, des d\u2019aquest moment, els nois de la Grama van muntar una aut\u00e8ntica ofensiva de joc i ocasions mentre el Martinenc nom\u00e9s es dedicava a perdre temps. No es va poder sumar cap punt per\u00f2 hem de destacar la figura de Geri a la defensa, de Mario en atac i el debut de Diego provinent de l\u2019alev\u00ed C. Felicitem als nois per l\u2019esfor\u00e7 realitzat.<\/p>\n<p>Espectacular partido el que disput\u00f3 el Alev\u00edn A de la Grama contra el Martinenc. El resultado final fue de 4-3 pero la clave estuvo en el primer cuarto. Los colomenses salieron dormidos y propiciaron la ventaja local. Esto penaliza mucho en la primera divisi\u00f3n y, desde ese momento, los chicos de la Grama montaron una aut\u00e9ntica ofensiva de juego y ocasiones mientras el Martinenc s\u00f3lo se dedicaba a perder tiempo. No se pudo sumar ning\u00fan punto pero debemos destacar la figura de Geri en la defensa, de Mario en ataque y el debut de Diego procedente del alev\u00edn C. Felicitamos a los chicos por el esfuerzo realizado.<\/p>\n<p>[divider]<\/p>\n<p>ALEV\u00cd B<\/p>\n<p>Partit amb molt de respecte per ambd\u00f3s equips que no es va trencar fins ben entrat el tercer quart. Una falta molt dubtosa assenyalada en la frontal de l\u2019\u00e0rea va tancar aquest tercer quart amb avantatge pels del Maresme. La Grama va estirar l\u00ednies a l\u2019\u00faltim quart buscant l\u2019empat i ho van poder aconseguir per\u00f2 entre el travesser de la porteria que va impedir el gol i el col\u00b7legiat que no va voler assenyalar com a penal una falta a dins de l\u2019\u00e0rea del Vilassar els colomencs no van poder anotar l\u2019empat. Finalment, en una errada en la sortida de la pilota els locals van anotar el 2-0 amb el que es va acabar el partit.<\/p>\n<p>Partido con mucho respeto por ambos equipos que no se rompi\u00f3 hasta bien entrado el tercer cuarto. Una falta muy dudosa se\u00f1alada en la frontal del \u00e1rea cerr\u00f3 este tercer cuarto con ventaja por los del Maresme. La Grama estir\u00f3 l\u00edneas en el \u00faltimo cuarto buscando el empate y lo pudieron conseguir pero entre el larguero de la porter\u00eda que impidi\u00f3 el gol y el colegiado que no quiso se\u00f1alar como penalti una falta dentro del \u00e1rea del Vilassar, los colomenses no pudieron anotar el empate. Finalmente, en un error en la salida del bal\u00f3n los locales anotaron el 2-0 con el que se acab\u00f3 el partido.<\/p>\n<p>[divider]<\/p>\n<figure id=\"attachment_25937\" aria-describedby=\"caption-attachment-25937\" style=\"width: 869px\" class=\"wp-caption aligncenter\"><a href=\"http:\/\/fegrama.cat\/web\/wp-content\/uploads\/2018\/11\/alevin-c-1.jpg\"><img loading=\"lazy\" decoding=\"async\" class=\"wp-image-25937 size-full\" src=\"http:\/\/fegrama.cat\/web\/wp-content\/uploads\/2018\/11\/alevin-c-1.jpg\" alt=\"\" width=\"869\" height=\"511\" srcset=\"http:\/\/fegrama.cat\/web\/wp-content\/uploads\/2018\/11\/alevin-c-1.jpg 869w, http:\/\/fegrama.cat\/web\/wp-content\/uploads\/2018\/11\/alevin-c-1-300x176.jpg 300w, http:\/\/fegrama.cat\/web\/wp-content\/uploads\/2018\/11\/alevin-c-1-768x452.jpg 768w\" sizes=\"auto, (max-width: 869px) 100vw, 869px\" \/><\/a><figcaption id=\"caption-attachment-25937\" class=\"wp-caption-text\">L&#8217;alev\u00ed C<\/figcaption><\/figure>\n<p>ALEV\u00cd C<\/p>\n<p>Es presentava el l\u00edder per jugar contra el nostre Alev\u00ed C i hem de dir que hem donat la cara durant gran part del partit. Els nois de la Grama han controlat el joc encara que sense la profunditat necess\u00e0ria per fer mal al rival i, la Penya Anguera, amb una plantilla de segon any ha aprofitat el que els feia m\u00e9s forts. Dos pilotes aturades els han col\u00b7locat 0-2 al descans.A la segona part poca hist\u00f2ria, els nostres han baixat els bra\u00e7os i l\u2019Anguera ha anotat dos gols m\u00e9s per tancar el marcador amb un 0-4.<\/p>\n<p>Se presentaba el l\u00edder para jugar contra nuestro Alev\u00edn C y debemos decir que hemos dado la cara durante gran parte del partido. Los chicos de la Grama han controlado el juego aunque sin la profundidad necesaria para hacer da\u00f1o al rival y, la Penya Anguera, con una plantilla de segundo a\u00f1o ha aprovechado lo que les hac\u00eda m\u00e1s fuertes. Dos balones parados los han colocado 0-2 al descanso.<br \/>\nEn la segunda parte poca historia, los nuestros han bajado los brazos y el Anguera ha anotado dos goles m\u00e1s para cerrar el marcador con un 0-4.<\/p>\n<p>[divider]<\/p>\n<p>ALEV\u00cd D<\/p>\n<p>Moments inoportuns on l\u2019Alev\u00ed D de la Grama va encaixar els gols del Sistrells ens van deixar sense opcions. L\u2019equip ha de seguir treballant en la l\u00ednia que porten encara que el mister promet treballar l\u2019actitud per no caure en els errors d\u2019aquest cap de setmana. Som-hi!!<\/p>\n<p>Momentos inoportunos donde el Alev\u00edn D de la Grama encaj\u00f3 los goles del Sistrells que nos dejaron sin opciones. El equipo debe seguir trabajando en la l\u00ednea que llevan aunque el mister promete trabajar la actitud para no caer en los errores de este fin de semana. Vamos !!<\/p>\n<p>ALEV\u00cd G<\/p>\n<p>Vict\u00f2ria de l\u2019Alev\u00ed G a la Feixa Llarga. Un partit molt disputat contra un rival que sap defensar i en el qual els nostres han aprofitat la pilota aturada per fer mal. L\u2019encert de cara a porteria ha estat determinant per endur-se una bona vict\u00f2ria cap a Santa Coloma, 1-3 resultat final.<\/p>\n<p>Victoria del Alev\u00edn G en la Feixa Llarga. Un partido muy disputado contra un rival que sabe defender y en el que los nuestros han aprovechado la pelota parada para hacer da\u00f1o. El acierto de cara a porter\u00eda ha sido determinante para llevarse una buena victoria hacia Santa Coloma, 1-3 resultado final.<\/p>\n<p><strong>\u00a0<\/strong><\/p>\n","protected":false},"excerpt":{"rendered":"<p>ALEV\u00cd A Espectacular partit el que va disputar l\u2019Alev\u00ed A de la Grama contra el Martinenc. El resultat final va ser de 4-3 per\u00f2 la clau va estar en el primer quart. Els colomencs van sortit adormits i van propiciar l\u2019avantantge local. Aix\u00f2 penalitza molt a la primera divisi\u00f3 i, des d\u2019aquest moment, els nois [&hellip;]<\/p>\n","protected":false},"author":1,"featured_media":25937,"comment_status":"closed","ping_status":"closed","sticky":false,"template":"","format":"standard","meta":{"footnotes":""},"categories":[10,4],"tags":[],"class_list":["post-25934","post","type-post","status-publish","format-standard","has-post-thumbnail","hentry","category-alevins","category-base-inclusiu"],"_links":{"self":[{"href":"http:\/\/fegrama.cat\/web\/wp-json\/wp\/v2\/posts\/25934","targetHints":{"allow":["GET"]}}],"collection":[{"href":"http:\/\/fegrama.cat\/web\/wp-json\/wp\/v2\/posts"}],"about":[{"href":"http:\/\/fegrama.cat\/web\/wp-json\/wp\/v2\/types\/post"}],"author":[{"embeddable":true,"href":"http:\/\/fegrama.cat\/web\/wp-json\/wp\/v2\/users\/1"}],"replies":[{"embeddable":true,"href":"http:\/\/fegrama.cat\/web\/wp-json\/wp\/v2\/comments?post=25934"}],"version-history":[{"count":1,"href":"http:\/\/fegrama.cat\/web\/wp-json\/wp\/v2\/posts\/25934\/revisions"}],"predecessor-version":[{"id":25938,"href":"http:\/\/fegrama.cat\/web\/wp-json\/wp\/v2\/posts\/25934\/revisions\/25938"}],"wp:featuredmedia":[{"embeddable":true,"href":"http:\/\/fegrama.cat\/web\/wp-json\/wp\/v2\/media\/25937"}],"wp:attachment":[{"href":"http:\/\/fegrama.cat\/web\/wp-json\/wp\/v2\/media?parent=25934"}],"wp:term":[{"taxonomy":"category","embeddable":true,"href":"http:\/\/fegrama.cat\/web\/wp-json\/wp\/v2\/categories?post=25934"},{"taxonomy":"post_tag","embeddable":true,"href":"http:\/\/fegrama.cat\/web\/wp-json\/wp\/v2\/tags?post=25934"}],"curies":[{"name":"wp","href":"https:\/\/api.w.org\/{rel}","templated":true}]}}