{"id":25929,"date":"2018-11-26T19:08:27","date_gmt":"2018-11-26T18:08:27","guid":{"rendered":"http:\/\/fegrama.cat\/web\/?p=25929"},"modified":"2018-11-26T19:12:10","modified_gmt":"2018-11-26T18:12:10","slug":"linfantil-a-mante-el-nivell-dels-nostres","status":"publish","type":"post","link":"http:\/\/fegrama.cat\/web\/linfantil-a-mante-el-nivell-dels-nostres\/","title":{"rendered":"L&#8217;Infantil A mant\u00e9 el nivell dels nostres"},"content":{"rendered":"<figure id=\"attachment_25930\" aria-describedby=\"caption-attachment-25930\" style=\"width: 618px\" class=\"wp-caption aligncenter\"><a href=\"http:\/\/fegrama.cat\/web\/wp-content\/uploads\/2018\/11\/INF-A.jpg\"><img loading=\"lazy\" decoding=\"async\" class=\"size-large wp-image-25930\" src=\"http:\/\/fegrama.cat\/web\/wp-content\/uploads\/2018\/11\/INF-A-1024x499.jpg\" alt=\"\" width=\"618\" height=\"301\" srcset=\"http:\/\/fegrama.cat\/web\/wp-content\/uploads\/2018\/11\/INF-A-1024x499.jpg 1024w, http:\/\/fegrama.cat\/web\/wp-content\/uploads\/2018\/11\/INF-A-300x146.jpg 300w, http:\/\/fegrama.cat\/web\/wp-content\/uploads\/2018\/11\/INF-A-768x374.jpg 768w, http:\/\/fegrama.cat\/web\/wp-content\/uploads\/2018\/11\/INF-A.jpg 1600w\" sizes=\"auto, (max-width: 618px) 100vw, 618px\" \/><\/a><figcaption id=\"caption-attachment-25930\" class=\"wp-caption-text\">Infantil A contra el Badalona<\/figcaption><\/figure>\n<p>INFANTIL A<\/p>\n<p>Contra un rival disposat tancar-se al darrera y amb la \u00fanica intenci\u00f3 de jugar a la contra nom\u00e9s es pot jugar com ho va fer l\u2019Infantil A de la Grama. El Badalona va venir al Municipal a tacar-se i la Grama ha mostrar el seu joc des del minut 1. Moviment de pilota i canvis de banda en llargues possessions per tal de fer c\u00f3rrer al rival. Mario va anotar el primer de la Grama despr\u00e9s d\u2019una bona jugada de combinaci\u00f3 dels colomencs. Amb 1-0 es va arribar al descans.<\/p>\n<p>Amb el marcador en contra els nostres ve\u00efns de Badalona van haver d\u2019avan\u00e7ar una mica les l\u00ednies i, amb la paci\u00e8ncia en el joc del nostre Infantil A, era q\u00fcesti\u00f3 de temps que arrib\u00e9s l\u2019espai suficient per anotar el segon gol. Una altra vegada va ser Mario qui marcava el seu segon gol i col\u00b7loca a aquest bon equip com el m\u00e9s golejador i el menys golejat del grup. Bon treball en atac i bona defensa, aquest equip \u00e9s una pinya.<\/p>\n<p>Contra un rival dispuesto a cerrarse atr\u00e1s y con la \u00fanica intenci\u00f3n de jugar a la contra s\u00f3lo se puede jugar como lo hizo el Infantil A de la Grama. El Badalona vino al Municipal a encerrarse y la Grama a mostrar su juego desde el minuto 1. Movimiento de bal\u00f3n y cambios de banda en largas posesiones para hacer correr al rival. Mario anot\u00f3 el primero de la Grama tras una buena jugada de combinaci\u00f3n de los colomenses. Con 1-0 se lleg\u00f3 al descanso.<br \/>\nCon el marcador en contra nuestros vecinos de Badalona tuvieron que avanzar un poco las l\u00edneas y, con la paciencia en el juego de nuestro Infantil A, era cuesti\u00f3n de tiempo que llegara el espacio suficiente para anotar el segundo gol. Otra vez fue Mario quien marcaba su segundo gol y coloca a este buen equipo como el m\u00e1s goleador y el menos goleado del grupo. Buen trabajo en ataque y buena defensa, este equipo es una pi\u00f1a.<\/p>\n<figure id=\"attachment_25931\" aria-describedby=\"caption-attachment-25931\" style=\"width: 300px\" class=\"wp-caption aligncenter\"><a href=\"http:\/\/fegrama.cat\/web\/wp-content\/uploads\/2018\/11\/Sopar-de-linfantl-a-per-preparar-el-derbi.jpg\"><img loading=\"lazy\" decoding=\"async\" class=\"wp-image-25931 size-medium\" src=\"http:\/\/fegrama.cat\/web\/wp-content\/uploads\/2018\/11\/Sopar-de-linfantl-a-per-preparar-el-derbi-300x225.jpg\" alt=\"\" width=\"300\" height=\"225\" srcset=\"http:\/\/fegrama.cat\/web\/wp-content\/uploads\/2018\/11\/Sopar-de-linfantl-a-per-preparar-el-derbi-300x225.jpg 300w, http:\/\/fegrama.cat\/web\/wp-content\/uploads\/2018\/11\/Sopar-de-linfantl-a-per-preparar-el-derbi-768x576.jpg 768w, http:\/\/fegrama.cat\/web\/wp-content\/uploads\/2018\/11\/Sopar-de-linfantl-a-per-preparar-el-derbi-1024x768.jpg 1024w, http:\/\/fegrama.cat\/web\/wp-content\/uploads\/2018\/11\/Sopar-de-linfantl-a-per-preparar-el-derbi.jpg 1600w\" sizes=\"auto, (max-width: 300px) 100vw, 300px\" \/><\/a><figcaption id=\"caption-attachment-25931\" class=\"wp-caption-text\">Sopar de l&#8217;Infantil A per preparar el Derbi contra el Badalona<\/figcaption><\/figure>\n<p>[divider]<\/p>\n<p>INFANTIL B<\/p>\n<p>L\u2019equip de Victor D\u00edaz ha tornat ha sortir amb poca intensitat al camp fet que ha aprofitat la Fundaci\u00f3 Hospitalet per anotar en un c\u00f3rner i amb una errada en la cessi\u00f3 d\u2019un defensor al nostre porter. Dos errades que han significat el 0-2 pels de l\u2019Hospitalet. La Grama ha aconseguit fer-se amb la pilota i ha creat ocasions per\u00f2 sense materialitzar-se. 0-2 al descans.<\/p>\n<p>La segona part, l\u2019Infantil B ha dominat el que restava de partit i ha generat ocasions per donar-li la volta al marcador per\u00f2 la pilota nom\u00e9s ha foradat la porteria una vegada i el resultat final ha estat de 1-2.<\/p>\n<p>El equipo de Victor D\u00edaz ha vuelto a salir con poca intensidad al campo, hecho que ha aprovechado la Fundaci\u00f3n Hospitalet para anotar en un c\u00f3rner y con un error en la cesi\u00f3n de un defensor a nuestro portero. Dos errores que han significado el 0-2 para los de Hospitalet. La Grama ha conseguido hacerse con el bal\u00f3n y ha creado ocasiones pero sin materializarse. 0-2 al descanso.<br \/>\nLa segunda parte, el Infantil B ha dominado lo que restaba de partido y ha generado ocasiones para darle la vuelta al marcador pero el bal\u00f3n s\u00f3lo ha agujereado la porter\u00eda una vez y el resultado final ha sido de 1-2.<\/p>\n<p>&nbsp;<\/p>\n<p>[divider]<\/p>\n<p>INFANTIL C<\/p>\n<p>Derrota dura davant d\u2019un rival directe a la classificaci\u00f3 com \u00e9s el Mercantil. La Grama va ser superior i es va avan\u00e7ar al marcador amb gol de Mamadou. Encara aix\u00ed, un arbitratge bastant surrealista per ambd\u00f3s equips, va posar de cara el partit pel Mercantil. L\u2019expulsi\u00f3 d\u2019un jugador colomenc va suposar jugar amb inferioritat tota la segona part i, encara que els nostres han dominat el joc, les contres del Mercantil han estat letals per donar-li la volta al marcador. Resultat final: 3-1.<\/p>\n<p>Derrota dura ante un rival directo en la clasificaci\u00f3n como es el Mercantil. La Grama fue superior y se adelant\u00f3 en el marcador con gol de Mamadou. A\u00fan as\u00ed, un arbitraje bastante surrealista para ambos equipos, puso de cara el partido para el Mercantil. La expulsi\u00f3n de un jugador colomense supuso jugar con inferioridad toda la segunda parte y, aunque los nuestros han dominado el juego, las contras del Mercantil han sido letales para darle la vuelta al marcador. Resultado final: 3-1.<\/p>\n<p>[divider]<\/p>\n<p>INFANTIL D<\/p>\n<p>Poca resist\u00e8ncia va poder oferir l\u2019Infantil D de la Grama contra el Singuerl\u00edn. Els nostres ve\u00efns presentaven un equip amb jugadors de segon any i, en un partit on el f\u00edsic ha estat per sobre del joc, els nois de la Grama no han tingut res a fer. El marcador es va tancar amb 4-1, amb gol d\u2019\u00c0lex pels del Singuerl\u00edn. Seguirem treballant.<\/p>\n<p>Poca resistencia pudo ofrecer el Infantil D de la Grama contra el Singuerl\u00edn. Nuestros vecinos presentaban un equipo con jugadores de segundo a\u00f1o y, en un partido donde el f\u00edsico ha estado por encima del juego, los chicos de la Grama no han tenido nada que hacer. El marcador se cerr\u00f3 con 4-1, con gol de Alex, para los de Singuerl\u00edn. Seguiremos trabajando.<\/p>\n<p>[divider]<\/p>\n<figure id=\"attachment_25860\" aria-describedby=\"caption-attachment-25860\" style=\"width: 618px\" class=\"wp-caption aligncenter\"><a href=\"http:\/\/fegrama.cat\/web\/wp-content\/uploads\/2018\/11\/Infantil-E.jpg\"><img loading=\"lazy\" decoding=\"async\" class=\"wp-image-25860 size-large\" src=\"http:\/\/fegrama.cat\/web\/wp-content\/uploads\/2018\/11\/Infantil-E-1024x756.jpg\" alt=\"\" width=\"618\" height=\"456\" srcset=\"http:\/\/fegrama.cat\/web\/wp-content\/uploads\/2018\/11\/Infantil-E.jpg 1024w, http:\/\/fegrama.cat\/web\/wp-content\/uploads\/2018\/11\/Infantil-E-300x221.jpg 300w, http:\/\/fegrama.cat\/web\/wp-content\/uploads\/2018\/11\/Infantil-E-768x567.jpg 768w\" sizes=\"auto, (max-width: 618px) 100vw, 618px\" \/><\/a><figcaption id=\"caption-attachment-25860\" class=\"wp-caption-text\">Infantil E<\/figcaption><\/figure>\n<p>INFANTIL E<\/p>\n<p>Partit ben controlat per la Grama fins al minut 25. Gaud\u00edem de la possessi\u00f3 i d\u2019ocasions per anotar, fet que ens ha posat per davant al marcador amb l\u20191-0. I des del minut 25 el partit s\u2019ha descontrolat. Una errada defensiva ha suposat l\u2019empat del Diagonal C.E. i, des d\u2019aquest moment, la golejada. Amb 3-7 s\u2019ha arribat al descans. La segona part hem intentat avan\u00e7ar l\u00ednies per\u00f2 sense res a fer contra el segon classificat. 4-12 \u00e9s el resultat final i, encara que el marcador no ho digui, gran progressi\u00f3 dels nostres que estan aprenent a competir.<\/p>\n<p>Partido bien controlado por la Grama hasta el minuto 25. Disfrutamos de la posesi\u00f3n y de ocasiones para anotar, lo que nos ha puesto por delante en el marcador con el 1-0. Y desde el minuto 25 el partido se ha descontrolado. Un error defensivo ha supuesto el empate del Diagonal C.E. y, desde ese momento, la goleada. Con 3-7 se lleg\u00f3 al descanso.<br \/>\nLa segunda parte hemos intentado avanzar l\u00edneas pero sin nada que hacer contra el segundo clasificado. 4-12 es el resultado final y, aunque el marcador no lo diga, gran progresi\u00f3n de los nuestros que est\u00e1n aprendiendo a competir.<\/p>\n","protected":false},"excerpt":{"rendered":"<p>INFANTIL A Contra un rival disposat tancar-se al darrera y amb la \u00fanica intenci\u00f3 de jugar a la contra nom\u00e9s es pot jugar com ho va fer l\u2019Infantil A de la Grama. El Badalona va venir al Municipal a tacar-se i la Grama ha mostrar el seu joc des del minut 1. Moviment de pilota [&hellip;]<\/p>\n","protected":false},"author":1,"featured_media":25860,"comment_status":"closed","ping_status":"closed","sticky":false,"template":"","format":"standard","meta":{"footnotes":""},"categories":[4,9],"tags":[],"class_list":["post-25929","post","type-post","status-publish","format-standard","has-post-thumbnail","hentry","category-base-inclusiu","category-infantils"],"_links":{"self":[{"href":"http:\/\/fegrama.cat\/web\/wp-json\/wp\/v2\/posts\/25929","targetHints":{"allow":["GET"]}}],"collection":[{"href":"http:\/\/fegrama.cat\/web\/wp-json\/wp\/v2\/posts"}],"about":[{"href":"http:\/\/fegrama.cat\/web\/wp-json\/wp\/v2\/types\/post"}],"author":[{"embeddable":true,"href":"http:\/\/fegrama.cat\/web\/wp-json\/wp\/v2\/users\/1"}],"replies":[{"embeddable":true,"href":"http:\/\/fegrama.cat\/web\/wp-json\/wp\/v2\/comments?post=25929"}],"version-history":[{"count":2,"href":"http:\/\/fegrama.cat\/web\/wp-json\/wp\/v2\/posts\/25929\/revisions"}],"predecessor-version":[{"id":25935,"href":"http:\/\/fegrama.cat\/web\/wp-json\/wp\/v2\/posts\/25929\/revisions\/25935"}],"wp:featuredmedia":[{"embeddable":true,"href":"http:\/\/fegrama.cat\/web\/wp-json\/wp\/v2\/media\/25860"}],"wp:attachment":[{"href":"http:\/\/fegrama.cat\/web\/wp-json\/wp\/v2\/media?parent=25929"}],"wp:term":[{"taxonomy":"category","embeddable":true,"href":"http:\/\/fegrama.cat\/web\/wp-json\/wp\/v2\/categories?post=25929"},{"taxonomy":"post_tag","embeddable":true,"href":"http:\/\/fegrama.cat\/web\/wp-json\/wp\/v2\/tags?post=25929"}],"curies":[{"name":"wp","href":"https:\/\/api.w.org\/{rel}","templated":true}]}}