{"id":25716,"date":"2018-10-31T15:08:08","date_gmt":"2018-10-31T14:08:08","guid":{"rendered":"http:\/\/fegrama.cat\/web\/?p=25716"},"modified":"2018-10-31T15:08:08","modified_gmt":"2018-10-31T14:08:08","slug":"previes-de-les-escoles-3-i-4-de-novembre","status":"publish","type":"post","link":"http:\/\/fegrama.cat\/web\/previes-de-les-escoles-3-i-4-de-novembre\/","title":{"rendered":"Pr\u00e8vies de les Escoles (3 i 4 de novembre)"},"content":{"rendered":"<p><strong>ESCOLA A<\/strong><\/p>\n<p>Els nois d\u2019Aitor juguen dissabte a les 11:30 hores al Municipal de Les Oliveres davant el CF Monta\u00f1esa.<\/p>\n<p>Los chicos de Aitor juegan el s\u00e1bado a las 11:30 horas en el Municipal de Les Oliveres ante el CF Monta\u00f1esa.<\/p>\n<div class=\"divider\">\n<div class=\"divider\">\n<div class=\"divider\">\n<div class=\"divider\">[divider]<\/div>\n<\/div>\n<\/div>\n<\/div>\n<p><strong>ESCOLA B<\/strong><\/p>\n<p>Els nois de Carla juguen diumenge a les 09 hores al Municipal de Les Oliveres davant l&#8217;EF Premier Barcelona.<\/p>\n<p>Los chicos de Carla juegan el domingo a las 09 horas en el Municipal de Les Oliveres contra la EF Premier Barcelona.<\/p>\n","protected":false},"excerpt":{"rendered":"<p>ESCOLA A Els nois d\u2019Aitor juguen dissabte a les 11:30 hores al Municipal de Les Oliveres davant el CF Monta\u00f1esa. Los chicos de Aitor juegan el s\u00e1bado a las 11:30 horas en el Municipal de Les Oliveres ante el CF Monta\u00f1esa. [divider] ESCOLA B Els nois de Carla juguen diumenge a les 09 hores al [&hellip;]<\/p>\n","protected":false},"author":1,"featured_media":18677,"comment_status":"closed","ping_status":"closed","sticky":false,"template":"","format":"standard","meta":{"footnotes":""},"categories":[4,33],"tags":[],"class_list":["post-25716","post","type-post","status-publish","format-standard","has-post-thumbnail","hentry","category-base-inclusiu","category-escola-diari-feg"],"_links":{"self":[{"href":"http:\/\/fegrama.cat\/web\/wp-json\/wp\/v2\/posts\/25716","targetHints":{"allow":["GET"]}}],"collection":[{"href":"http:\/\/fegrama.cat\/web\/wp-json\/wp\/v2\/posts"}],"about":[{"href":"http:\/\/fegrama.cat\/web\/wp-json\/wp\/v2\/types\/post"}],"author":[{"embeddable":true,"href":"http:\/\/fegrama.cat\/web\/wp-json\/wp\/v2\/users\/1"}],"replies":[{"embeddable":true,"href":"http:\/\/fegrama.cat\/web\/wp-json\/wp\/v2\/comments?post=25716"}],"version-history":[{"count":1,"href":"http:\/\/fegrama.cat\/web\/wp-json\/wp\/v2\/posts\/25716\/revisions"}],"predecessor-version":[{"id":25717,"href":"http:\/\/fegrama.cat\/web\/wp-json\/wp\/v2\/posts\/25716\/revisions\/25717"}],"wp:featuredmedia":[{"embeddable":true,"href":"http:\/\/fegrama.cat\/web\/wp-json\/wp\/v2\/media\/18677"}],"wp:attachment":[{"href":"http:\/\/fegrama.cat\/web\/wp-json\/wp\/v2\/media?parent=25716"}],"wp:term":[{"taxonomy":"category","embeddable":true,"href":"http:\/\/fegrama.cat\/web\/wp-json\/wp\/v2\/categories?post=25716"},{"taxonomy":"post_tag","embeddable":true,"href":"http:\/\/fegrama.cat\/web\/wp-json\/wp\/v2\/tags?post=25716"}],"curies":[{"name":"wp","href":"https:\/\/api.w.org\/{rel}","templated":true}]}}