{"id":25712,"date":"2018-10-31T14:53:13","date_gmt":"2018-10-31T13:53:13","guid":{"rendered":"http:\/\/fegrama.cat\/web\/?p=25712"},"modified":"2018-10-31T14:53:13","modified_gmt":"2018-10-31T13:53:13","slug":"previes-dels-equips-infantils-3-i-4-doctubre-2","status":"publish","type":"post","link":"http:\/\/fegrama.cat\/web\/previes-dels-equips-infantils-3-i-4-doctubre-2\/","title":{"rendered":"Pr\u00e8vies dels equips Infantils (3 i 4 d\u2019octubre)"},"content":{"rendered":"<p><a href=\"http:\/\/fegrama.cat\/web\/wp-content\/uploads\/2018\/09\/IA1718.jpeg\"><img loading=\"lazy\" decoding=\"async\" class=\"aligncenter size-large wp-image-25310\" src=\"http:\/\/fegrama.cat\/web\/wp-content\/uploads\/2018\/09\/IA1718-1024x769.jpeg\" sizes=\"auto, (max-width: 618px) 100vw, 618px\" srcset=\"http:\/\/fegrama.cat\/web\/wp-content\/uploads\/2018\/09\/IA1718-1024x769.jpeg 1024w, http:\/\/fegrama.cat\/web\/wp-content\/uploads\/2018\/09\/IA1718-300x225.jpeg 300w, http:\/\/fegrama.cat\/web\/wp-content\/uploads\/2018\/09\/IA1718-768x577.jpeg 768w, http:\/\/fegrama.cat\/web\/wp-content\/uploads\/2018\/09\/IA1718.jpeg 1600w\" alt=\"\" width=\"618\" height=\"464\" \/><\/a><\/p>\n<p><strong>INFANTIL A<\/strong><\/p>\n<p>L\u2019equip de Brian Espinola juga dissabte a les 10:30 hores al Municipal de la Grama davant l&#8217;Escola Pia Sarri\u00e0 SE.<\/p>\n<p>El equipo de Brian Espinola juega el s\u00e1bado a las 10:30 horas en el Municipal de\u00a0la Grama ante la\u00a0Escola Pia Sarri\u00e0 SE.<\/p>\n<div class=\"divider\">\n<div class=\"divider\">\n<div class=\"divider\">\n<div class=\"divider\">\n<div class=\"divider\">[divider]<\/div>\n<\/div>\n<\/div>\n<\/div>\n<\/div>\n<p><strong>INFANTIL B<\/strong><\/p>\n<p>L\u2019equip dirigit per V\u00edctor D\u00edaz juguen diumenge a les 16:30 hores al Municipal de la Grama davant la FP CE J\u00fapiter.<\/p>\n<p>El equipo dirigido por V\u00edctor D\u00edaz juega el domingo a las 16:30 horas en el Municipal de la Grama ante la FP CE J\u00fapiter<\/p>\n<div class=\"divider\">\n<div class=\"divider\">\n<div class=\"divider\">\n<div class=\"divider\">[divider]<\/div>\n<\/div>\n<\/div>\n<\/div>\n<p><strong>INFANTIL C<\/strong><\/p>\n<p>L\u2019equip de Toni S\u00e1nchez juga dissabte a les 12 hores al Municipal Feliu i Codina davant l&#8217;U.At.d&#8217;Horta.<\/p>\n<p>El equipo de Toni S\u00e1nchez juega el s\u00e1bado a las 12 horas en el Municipal Feliu i Codina ante la U.At.d&#8217;Horta.<\/p>\n<div class=\"divider\">\n<div class=\"divider\">\n<div class=\"divider\">\n<div class=\"divider\">[divider]<\/div>\n<\/div>\n<\/div>\n<\/div>\n<p><strong>INFANTIL D<\/strong><\/p>\n<p>L\u2019equip de Juan Antonio Abril juga diumenge a les 14:30 hores al Municipal de la Grama davant el SE Mercat Nou Mag\u00f2ria.<\/p>\n<p>El equipo de Juan Antonio Abril juega el domingo a las 14:30 horas en el Municipal\u00a0de la Grama ante el SE Mercat Nou Mag\u00f2ria.<\/p>\n<div class=\"divider\">\n<div class=\"divider\">\n<div class=\"divider\">\n<div class=\"divider\">\n<div class=\"divider\">\n<div class=\"divider\">\n<div class=\"divider\">[divider]<\/div>\n<\/div>\n<\/div>\n<\/div>\n<\/div>\n<\/div>\n<\/div>\n<p><strong>INFANTIL E<\/strong><\/p>\n<p>Els nois de Dolors juguen dissabte a les 12:20 hores al Municipal de L&#8217;Energia davant el\u00a0SE Mercat Nou Mag\u00f2ria B.<\/p>\n<p>Los chicos de Dolors juegan el s\u00e1bado a las 12:20 horas en el Municipal de L&#8217;Energia\u00a0 ante el SE Mercat Nou Mag\u00f2ria B.<\/p>\n","protected":false},"excerpt":{"rendered":"<p>INFANTIL A L\u2019equip de Brian Espinola juga dissabte a les 10:30 hores al Municipal de la Grama davant l&#8217;Escola Pia Sarri\u00e0 SE. El equipo de Brian Espinola juega el s\u00e1bado a las 10:30 horas en el Municipal de\u00a0la Grama ante la\u00a0Escola Pia Sarri\u00e0 SE. [divider] INFANTIL B L\u2019equip dirigit per V\u00edctor D\u00edaz juguen diumenge a [&hellip;]<\/p>\n","protected":false},"author":1,"featured_media":7118,"comment_status":"closed","ping_status":"closed","sticky":false,"template":"","format":"standard","meta":{"footnotes":""},"categories":[4,9],"tags":[],"class_list":["post-25712","post","type-post","status-publish","format-standard","has-post-thumbnail","hentry","category-base-inclusiu","category-infantils"],"_links":{"self":[{"href":"http:\/\/fegrama.cat\/web\/wp-json\/wp\/v2\/posts\/25712","targetHints":{"allow":["GET"]}}],"collection":[{"href":"http:\/\/fegrama.cat\/web\/wp-json\/wp\/v2\/posts"}],"about":[{"href":"http:\/\/fegrama.cat\/web\/wp-json\/wp\/v2\/types\/post"}],"author":[{"embeddable":true,"href":"http:\/\/fegrama.cat\/web\/wp-json\/wp\/v2\/users\/1"}],"replies":[{"embeddable":true,"href":"http:\/\/fegrama.cat\/web\/wp-json\/wp\/v2\/comments?post=25712"}],"version-history":[{"count":1,"href":"http:\/\/fegrama.cat\/web\/wp-json\/wp\/v2\/posts\/25712\/revisions"}],"predecessor-version":[{"id":25713,"href":"http:\/\/fegrama.cat\/web\/wp-json\/wp\/v2\/posts\/25712\/revisions\/25713"}],"wp:featuredmedia":[{"embeddable":true,"href":"http:\/\/fegrama.cat\/web\/wp-json\/wp\/v2\/media\/7118"}],"wp:attachment":[{"href":"http:\/\/fegrama.cat\/web\/wp-json\/wp\/v2\/media?parent=25712"}],"wp:term":[{"taxonomy":"category","embeddable":true,"href":"http:\/\/fegrama.cat\/web\/wp-json\/wp\/v2\/categories?post=25712"},{"taxonomy":"post_tag","embeddable":true,"href":"http:\/\/fegrama.cat\/web\/wp-json\/wp\/v2\/tags?post=25712"}],"curies":[{"name":"wp","href":"https:\/\/api.w.org\/{rel}","templated":true}]}}