{"id":25703,"date":"2018-10-31T13:16:43","date_gmt":"2018-10-31T12:16:43","guid":{"rendered":"http:\/\/fegrama.cat\/web\/?p=25703"},"modified":"2018-10-31T13:16:43","modified_gmt":"2018-10-31T12:16:43","slug":"previes-dels-equips-benjamins-3-i-4-de-novembre","status":"publish","type":"post","link":"http:\/\/fegrama.cat\/web\/previes-dels-equips-benjamins-3-i-4-de-novembre\/","title":{"rendered":"Pr\u00e8vies dels equips Benjamins (3 i 4 de novembre)"},"content":{"rendered":"<p><strong>BENJAM\u00cd A<\/strong><\/p>\n<p>L\u2019equip dirigit per Antonio Rosillo juga diumenge a les 09 hores al Municipal Narc\u00eds Sala davant l\u2019UE Sant Andreu B.<\/p>\n<p>El equipo dirigido por Antonio Rosillo juega el domingo a las 09 horas en el Municipal Narc\u00eds Sala ante la UE Sant Andreu B.<\/p>\n<div class=\"divider\">\n<div class=\"divider\">\n<div class=\"divider\">\n<div class=\"divider\">\n<div class=\"divider\">\n<div class=\"divider\">[divider]<\/div>\n<\/div>\n<\/div>\n<\/div>\n<\/div>\n<\/div>\n<p><strong>BENJAM\u00cd B<\/strong><\/p>\n<p>L\u2019equip de Jonatan Delgado jugar\u00e0 diumenge a les 09 hores al Municipal Jos\u00e9 Luis Ru\u00edz Casado contra el CD Sant Gabriel.<\/p>\n<p>El equipo de Jonatan Delgado jugar\u00e1 el domingo a las 09 horas en el\u00a0Municipal Jos\u00e9 Luis Ru\u00edz Casado contra el CD Sant Gabriel.<\/p>\n<div>\n<div class=\"clear\">\n<div class=\"divider\"><a href=\"http:\/\/fegrama.cat\/web\/wp-content\/uploads\/2018\/09\/BC.jpeg\"><img loading=\"lazy\" decoding=\"async\" class=\"aligncenter size-large wp-image-25302\" src=\"http:\/\/fegrama.cat\/web\/wp-content\/uploads\/2018\/09\/BC-1024x768.jpeg\" sizes=\"auto, (max-width: 618px) 100vw, 618px\" srcset=\"http:\/\/fegrama.cat\/web\/wp-content\/uploads\/2018\/09\/BC-1024x768.jpeg 1024w, http:\/\/fegrama.cat\/web\/wp-content\/uploads\/2018\/09\/BC-300x225.jpeg 300w, http:\/\/fegrama.cat\/web\/wp-content\/uploads\/2018\/09\/BC-768x576.jpeg 768w, http:\/\/fegrama.cat\/web\/wp-content\/uploads\/2018\/09\/BC.jpeg 1600w\" alt=\"\" width=\"618\" height=\"464\" \/><\/a><\/div>\n<\/div>\n<\/div>\n<p><strong>BENJAM\u00cd C<\/strong><\/p>\n<p>Els nois de Pau juguen dissabte a les 16:15 hores a la Ciutat Esportiva Dani Jarque davant del RCD Espanyol C.<\/p>\n<p>Los chicos de Pau juegan\u00a0el s\u00e1bado a las 16:15 horas en la Ciudad Deportiva Dani Jarque ante el RCD Espanyol C.<\/p>\n<div class=\"divider\">[divider]<\/div>\n<p><strong>BENJAM\u00cd D<\/strong><\/p>\n<p>L\u2019equip d\u2019Alex Jim\u00e9nez juga dissabte a les 12 hores a Badalona davant l&#8217;Unificaci\u00f3 Llefi\u00e0 D.<\/p>\n<p>El equipo de Alex Jim\u00e9nez juega el s\u00e1bado a las 12 horas en Badalona ante la Unificaci\u00f3n Llefi\u00e0 D.<\/p>\n<div class=\"clear\">\n<div class=\"clear\">\n<div class=\"clear\">\n<div class=\"clear\">\n<div class=\"clear\">\n<div class=\"clear\">\n<div class=\"divider\">\n<div class=\"clear\">\n<div class=\"clear\">\n<div class=\"clear\">\n<div class=\"clear\">\n<div class=\"divider\"><a href=\"http:\/\/fegrama.cat\/web\/wp-content\/uploads\/2018\/09\/BE1819.jpeg\"><img loading=\"lazy\" decoding=\"async\" class=\"aligncenter size-large wp-image-25213\" src=\"http:\/\/fegrama.cat\/web\/wp-content\/uploads\/2018\/09\/BE1819-1024x760.jpeg\" sizes=\"auto, (max-width: 618px) 100vw, 618px\" srcset=\"http:\/\/fegrama.cat\/web\/wp-content\/uploads\/2018\/09\/BE1819-1024x760.jpeg 1024w, http:\/\/fegrama.cat\/web\/wp-content\/uploads\/2018\/09\/BE1819-300x223.jpeg 300w, http:\/\/fegrama.cat\/web\/wp-content\/uploads\/2018\/09\/BE1819-768x570.jpeg 768w, http:\/\/fegrama.cat\/web\/wp-content\/uploads\/2018\/09\/BE1819.jpeg 1600w\" alt=\"\" width=\"618\" height=\"459\" \/><\/a><\/div>\n<\/div>\n<\/div>\n<\/div>\n<\/div>\n<\/div>\n<\/div>\n<\/div>\n<\/div>\n<\/div>\n<\/div>\n<\/div>\n<p><strong>BENJAM\u00cd E<\/strong><\/p>\n<p>Els nois d\u2019Enric Ginesta juguen dissabte a les 11\u00a0 hores al Municipal La Feixa Llarga contra la Unificaci\u00f3 Bellvitge B.<\/p>\n<p>Los chicos de Enric Ginesta juegan\u00a0el s\u00e1bado a las 11 horas en el Municipal La Feixa Llarga contra la Unificaci\u00f3 Bellvitge B.<\/p>\n<div class=\"divider\">\n<div class=\"divider\">\n<div class=\"divider\">[divider]<\/div>\n<\/div>\n<\/div>\n<p><strong>BENJAM\u00cd F<\/strong><\/p>\n<p>L\u2019equip dirigit per Aitor Granell t\u00e9 partit dissabte a les 12:45 hores al Municipal de Les Oliveres davant el CF Monta\u00f1esa C.<\/p>\n<p>El equipo dirigido por Aitor Granell tiene partido el s\u00e1bado a las 12-:45 horas en el\u00a0Municipal de Les Oliveres ante el CF Monta\u00f1esa C.<\/p>\n","protected":false},"excerpt":{"rendered":"<p>BENJAM\u00cd A L\u2019equip dirigit per Antonio Rosillo juga diumenge a les 09 hores al Municipal Narc\u00eds Sala davant l\u2019UE Sant Andreu B. El equipo dirigido por Antonio Rosillo juega el domingo a las 09 horas en el Municipal Narc\u00eds Sala ante la UE Sant Andreu B. [divider] BENJAM\u00cd B L\u2019equip de Jonatan Delgado jugar\u00e0 diumenge [&hellip;]<\/p>\n","protected":false},"author":1,"featured_media":6099,"comment_status":"closed","ping_status":"closed","sticky":false,"template":"","format":"standard","meta":{"footnotes":""},"categories":[4,11],"tags":[],"class_list":["post-25703","post","type-post","status-publish","format-standard","has-post-thumbnail","hentry","category-base-inclusiu","category-benjamins"],"_links":{"self":[{"href":"http:\/\/fegrama.cat\/web\/wp-json\/wp\/v2\/posts\/25703","targetHints":{"allow":["GET"]}}],"collection":[{"href":"http:\/\/fegrama.cat\/web\/wp-json\/wp\/v2\/posts"}],"about":[{"href":"http:\/\/fegrama.cat\/web\/wp-json\/wp\/v2\/types\/post"}],"author":[{"embeddable":true,"href":"http:\/\/fegrama.cat\/web\/wp-json\/wp\/v2\/users\/1"}],"replies":[{"embeddable":true,"href":"http:\/\/fegrama.cat\/web\/wp-json\/wp\/v2\/comments?post=25703"}],"version-history":[{"count":2,"href":"http:\/\/fegrama.cat\/web\/wp-json\/wp\/v2\/posts\/25703\/revisions"}],"predecessor-version":[{"id":25705,"href":"http:\/\/fegrama.cat\/web\/wp-json\/wp\/v2\/posts\/25703\/revisions\/25705"}],"wp:featuredmedia":[{"embeddable":true,"href":"http:\/\/fegrama.cat\/web\/wp-json\/wp\/v2\/media\/6099"}],"wp:attachment":[{"href":"http:\/\/fegrama.cat\/web\/wp-json\/wp\/v2\/media?parent=25703"}],"wp:term":[{"taxonomy":"category","embeddable":true,"href":"http:\/\/fegrama.cat\/web\/wp-json\/wp\/v2\/categories?post=25703"},{"taxonomy":"post_tag","embeddable":true,"href":"http:\/\/fegrama.cat\/web\/wp-json\/wp\/v2\/tags?post=25703"}],"curies":[{"name":"wp","href":"https:\/\/api.w.org\/{rel}","templated":true}]}}