{"id":25699,"date":"2018-10-31T12:13:05","date_gmt":"2018-10-31T11:13:05","guid":{"rendered":"http:\/\/fegrama.cat\/web\/?p=25699"},"modified":"2018-10-31T12:13:05","modified_gmt":"2018-10-31T11:13:05","slug":"a-confirmar-la-millora","status":"publish","type":"post","link":"http:\/\/fegrama.cat\/web\/a-confirmar-la-millora\/","title":{"rendered":"A confirmar la millora"},"content":{"rendered":"<p>L&#8217;equip dirigit per <strong>Toni D\u00edaz<\/strong> acumula dos partits consecutius sense perdre i ens ha mostrat un gran joc en les \u00faltimes tres jornades. En aquesta jornada intersetmanal, i abans de la visita del poder\u00f3s AE Prat, buscaran una vict\u00f2ria que els\u00a0doni confian\u00e7a per seguir escalant en la classificaci\u00f3.<\/p>\n<p style=\"text-align: center;\"><strong>Aquest dijous 1 de novembre a les 16:30 hores al Municipal de Vilatenim.<\/strong><\/p>\n<p style=\"text-align: center;\"><strong>En directe per <a href=\"http:\/\/www.gramaradio.cat\">www.gramaradio.cat<\/a><\/strong><\/p>\n<p>El seu rival ser\u00e0 la <strong>UE Figueres<\/strong>, 14\u00e8 classificat. Equip molt irregular, capa\u00e7 de tot. Acumula dues derrotes consecutives, dos partits en els quals tampoc han marcat gol. Tenen 1 punt d&#8217;avantatge sobre la Grama.<\/p>\n<p><a href=\"http:\/\/fegrama.cat\/web\/wp-content\/uploads\/2018\/10\/11fegmart.jpg\"><img loading=\"lazy\" decoding=\"async\" class=\" wp-image-25649\" src=\"http:\/\/fegrama.cat\/web\/wp-content\/uploads\/2018\/10\/11fegmart.jpg\" alt=\"\" width=\"586\" height=\"389\" srcset=\"http:\/\/fegrama.cat\/web\/wp-content\/uploads\/2018\/10\/11fegmart.jpg 958w, http:\/\/fegrama.cat\/web\/wp-content\/uploads\/2018\/10\/11fegmart-300x199.jpg 300w, http:\/\/fegrama.cat\/web\/wp-content\/uploads\/2018\/10\/11fegmart-768x510.jpg 768w\" sizes=\"auto, (max-width: 586px) 100vw, 586px\" \/><\/a><\/p>\n<p>El equipo dirigido por\u00a0<strong>Toni D\u00edaz<\/strong>\u00a0acumula dos partidos consecutivos sin perder y nos ha mostrado un gran juego en las \u00faltimas tres jornadas. En esta jornada intersemanal, y antes de la visita del poderoso AE Prat, buscar\u00e1n una victoria que les d\u00e9 confianza para seguir escalando en la clasificaci\u00f3n.<\/p>\n<p style=\"text-align: center;\"><strong>Este jueves 1 de noviembre a las 16:30 horas en el Municipal de Vilatenim. <\/strong><\/p>\n<p style=\"text-align: center;\"><strong>En directo por\u00a0<a href=\"http:\/\/www.gramaradio.cat\/\">www.gramaradio.cat<\/a><\/strong><\/p>\n<p>Su rival ser\u00e1 la\u00a0<strong>UE Figueres<\/strong>, 14\u00ba clasificado. Equipo muy irregular, capaz de todo. Acumula dos derrotas consecutivas, dos partidos en los que tampoco han marcado gol. Tienen 1 punto de ventaja sobre la Grama.<\/p>\n","protected":false},"excerpt":{"rendered":"<p>L&#8217;equip dirigit per Toni D\u00edaz acumula dos partits consecutius sense perdre i ens ha mostrat un gran joc en les \u00faltimes tres jornades. En aquesta jornada intersetmanal, i abans de la visita del poder\u00f3s AE Prat, buscaran una vict\u00f2ria que els\u00a0doni confian\u00e7a per seguir escalant en la classificaci\u00f3. Aquest dijous 1 de novembre a les [&hellip;]<\/p>\n","protected":false},"author":1,"featured_media":25649,"comment_status":"closed","ping_status":"closed","sticky":false,"template":"","format":"standard","meta":{"footnotes":""},"categories":[4,5],"tags":[],"class_list":["post-25699","post","type-post","status-publish","format-standard","has-post-thumbnail","hentry","category-base-inclusiu","category-primer-equip"],"_links":{"self":[{"href":"http:\/\/fegrama.cat\/web\/wp-json\/wp\/v2\/posts\/25699","targetHints":{"allow":["GET"]}}],"collection":[{"href":"http:\/\/fegrama.cat\/web\/wp-json\/wp\/v2\/posts"}],"about":[{"href":"http:\/\/fegrama.cat\/web\/wp-json\/wp\/v2\/types\/post"}],"author":[{"embeddable":true,"href":"http:\/\/fegrama.cat\/web\/wp-json\/wp\/v2\/users\/1"}],"replies":[{"embeddable":true,"href":"http:\/\/fegrama.cat\/web\/wp-json\/wp\/v2\/comments?post=25699"}],"version-history":[{"count":1,"href":"http:\/\/fegrama.cat\/web\/wp-json\/wp\/v2\/posts\/25699\/revisions"}],"predecessor-version":[{"id":25700,"href":"http:\/\/fegrama.cat\/web\/wp-json\/wp\/v2\/posts\/25699\/revisions\/25700"}],"wp:featuredmedia":[{"embeddable":true,"href":"http:\/\/fegrama.cat\/web\/wp-json\/wp\/v2\/media\/25649"}],"wp:attachment":[{"href":"http:\/\/fegrama.cat\/web\/wp-json\/wp\/v2\/media?parent=25699"}],"wp:term":[{"taxonomy":"category","embeddable":true,"href":"http:\/\/fegrama.cat\/web\/wp-json\/wp\/v2\/categories?post=25699"},{"taxonomy":"post_tag","embeddable":true,"href":"http:\/\/fegrama.cat\/web\/wp-json\/wp\/v2\/tags?post=25699"}],"curies":[{"name":"wp","href":"https:\/\/api.w.org\/{rel}","templated":true}]}}