{"id":25689,"date":"2018-10-29T10:27:20","date_gmt":"2018-10-29T09:27:20","guid":{"rendered":"http:\/\/fegrama.cat\/web\/?p=25689"},"modified":"2018-10-29T10:27:20","modified_gmt":"2018-10-29T09:27:20","slug":"el-juvenil-a-va-caure-al-guinardo","status":"publish","type":"post","link":"http:\/\/fegrama.cat\/web\/el-juvenil-a-va-caure-al-guinardo\/","title":{"rendered":"El Juvenil A va caure al Guinard\u00f3"},"content":{"rendered":"<p>El Juvenil A va caure derrotat per un ajustat 3-2 davant el FC Martinenc.<\/p>\n<p>Primera part en la qual la Grama va entrar b\u00e9 en el partit realitzant 20 minuts de control i ocasions. Alex Montalban va avan\u00e7ar els colomencs per\u00f2 poc els va durar l&#8217;alegria, molt poc, ja que en quatre minuts van empatar els locals de penal. Al descans es va arribar 1-1.<\/p>\n<p>A la segona meitat va ser molt diferent i en cap moment la Grama no va aconseguir gestionar el partit. El Martinenc li va donar la volta al marcador i deu minuts m\u00e9s tard Montalban va empatar per als blaus (2-2). A cinc minuts del final els del Guinard\u00f3 van marcar el gol de la vict\u00f2ria.<\/p>\n<p>Luis Maria Hernando (Entrenador): \u00abCal canviar el xip i reaccionar davant aquest dif\u00edcil moment.\u00bb<\/p>\n<p style=\"text-align: right;\"><strong><a href=\"http:\/\/fcf.cat\/classificacio\/1819\/futbol-11\/preferent-juvenils\/grup-4\">CLASSIFICACI\u00d3<\/a><\/strong><\/p>\n<p>[divider]<\/p>\n<p>El Juvenil A cay\u00f3 derrotado por un ajustado 3-2 ante el FC Martinenc.<\/p>\n<p>Primera parte en la que la Grama entr\u00f3 bien en el partido realizando 20 minutos de control y ocasiones. Alex Montalban adelant\u00f3 a los colomenses pero poco les dur\u00f3 la alegr\u00eda, muy poco, ya que en cuatro minutos empataron los locales de penalti. Al descanso se lleg\u00f3 1-1.<\/p>\n<p>En la segunda mitad fue muy diferente y en ning\u00fan momento la Grama no consigui\u00f3 manejar el partido. El Martinenc le dio la vuelta al marcador y diez minutos m\u00e1s tarde Montalban empat\u00f3 para los azules (2-2). A cinco minutos del final los del Guinard\u00f3 marcaron el gol de la victoria.<\/p>\n<p>Luis Maria Hernando (Entrenador): \u00abHay que cambiar el chip y reaccionar ante este dif\u00edcil momento.\u00bb<\/p>\n","protected":false},"excerpt":{"rendered":"<p>El Juvenil A va caure derrotat per un ajustat 3-2 davant el FC Martinenc. Primera part en la qual la Grama va entrar b\u00e9 en el partit realitzant 20 minuts de control i ocasions. Alex Montalban va avan\u00e7ar els colomencs per\u00f2 poc els va durar l&#8217;alegria, molt poc, ja que en quatre minuts van empatar [&hellip;]<\/p>\n","protected":false},"author":1,"featured_media":13084,"comment_status":"closed","ping_status":"closed","sticky":false,"template":"","format":"standard","meta":{"footnotes":""},"categories":[4,6],"tags":[],"class_list":["post-25689","post","type-post","status-publish","format-standard","has-post-thumbnail","hentry","category-base-inclusiu","category-juvenils"],"_links":{"self":[{"href":"http:\/\/fegrama.cat\/web\/wp-json\/wp\/v2\/posts\/25689","targetHints":{"allow":["GET"]}}],"collection":[{"href":"http:\/\/fegrama.cat\/web\/wp-json\/wp\/v2\/posts"}],"about":[{"href":"http:\/\/fegrama.cat\/web\/wp-json\/wp\/v2\/types\/post"}],"author":[{"embeddable":true,"href":"http:\/\/fegrama.cat\/web\/wp-json\/wp\/v2\/users\/1"}],"replies":[{"embeddable":true,"href":"http:\/\/fegrama.cat\/web\/wp-json\/wp\/v2\/comments?post=25689"}],"version-history":[{"count":1,"href":"http:\/\/fegrama.cat\/web\/wp-json\/wp\/v2\/posts\/25689\/revisions"}],"predecessor-version":[{"id":25692,"href":"http:\/\/fegrama.cat\/web\/wp-json\/wp\/v2\/posts\/25689\/revisions\/25692"}],"wp:featuredmedia":[{"embeddable":true,"href":"http:\/\/fegrama.cat\/web\/wp-json\/wp\/v2\/media\/13084"}],"wp:attachment":[{"href":"http:\/\/fegrama.cat\/web\/wp-json\/wp\/v2\/media?parent=25689"}],"wp:term":[{"taxonomy":"category","embeddable":true,"href":"http:\/\/fegrama.cat\/web\/wp-json\/wp\/v2\/categories?post=25689"},{"taxonomy":"post_tag","embeddable":true,"href":"http:\/\/fegrama.cat\/web\/wp-json\/wp\/v2\/tags?post=25689"}],"curies":[{"name":"wp","href":"https:\/\/api.w.org\/{rel}","templated":true}]}}