{"id":25686,"date":"2018-10-28T22:19:02","date_gmt":"2018-10-28T21:19:02","guid":{"rendered":"http:\/\/fegrama.cat\/web\/?p=25686"},"modified":"2018-10-28T22:19:02","modified_gmt":"2018-10-28T21:19:02","slug":"victoria-de-linfantil-b-i-empat-de-la-femenins","status":"publish","type":"post","link":"http:\/\/fegrama.cat\/web\/victoria-de-linfantil-b-i-empat-de-la-femenins\/","title":{"rendered":"Vict\u00f2ria de l&#8217;Infantil B i empat de l&#8217;A (Femenins)"},"content":{"rendered":"<div class=\"clear\"><strong>UD Viladecans B 3-3 INFANTIL A<\/strong><\/div>\n<div class=\"divider\">\n<p>Gran primera meitat de la Grama que va marxar a la mitja part guanyant 0-2. A la segona part les locals van pr\u00e9mer. La Grama va aconseguir sumar un bon empat despr\u00e9s de fer un gran partit.<\/p>\n<p>Gran primera mitad de la Grama que se march\u00f3 a la media parte ganando 0-2. En la segunda parte las locales apretaron. La Grama consigui\u00f3 sumar un buen empate tras realizar un gran partido.<\/p>\n<div class=\"divider\"><a href=\"http:\/\/fegrama.cat\/web\/wp-content\/uploads\/2018\/10\/infantilBfem1819.jpeg\"><img loading=\"lazy\" decoding=\"async\" class=\"aligncenter size-large wp-image-25576\" src=\"http:\/\/fegrama.cat\/web\/wp-content\/uploads\/2018\/10\/infantilBfem1819-1024x768.jpeg\" sizes=\"auto, (max-width: 618px) 100vw, 618px\" srcset=\"http:\/\/fegrama.cat\/web\/wp-content\/uploads\/2018\/10\/infantilBfem1819-1024x768.jpeg 1024w, http:\/\/fegrama.cat\/web\/wp-content\/uploads\/2018\/10\/infantilBfem1819-300x225.jpeg 300w, http:\/\/fegrama.cat\/web\/wp-content\/uploads\/2018\/10\/infantilBfem1819-768x576.jpeg 768w, http:\/\/fegrama.cat\/web\/wp-content\/uploads\/2018\/10\/infantilBfem1819.jpeg 1600w\" alt=\"\" width=\"618\" height=\"464\" \/><\/a><\/div>\n<p><strong>INFANTIL B 16-1 Masnou At.<\/strong><\/p>\n<\/div>\n<p>Partit molt dominat per la Grama. Les locals no van dubtar en cap moment en el seu joc sent molt superiors al seu rival, aix\u00ed van anar caient els gols. Les blaves no van donar opci\u00f3 al Masnou. En paraules de l&#8217;entrenador local: \u00abcal corregir encara for\u00e7a coses perqu\u00e8 tot i els gols l&#8217;equip no acaba de jugar com nosaltres volem i seguim concedint gols tontament\u00bb.<\/p>\n<p>Partido muy dominado por la Grama. Las locales no dudaron en ning\u00fan momento en su juego siendo muy superiores a su rival, as\u00ed fueron cayendo los goles. Las azules no dieron opci\u00f3n al Masnou. En palabras del entrenador local: \u00abhay que corregir a\u00fan bastantes cosas porqu\u00e9 pese los goles el equipo no acaba de jugar como nosotros queremos y seguimos concediendo goles tontamente\u00bb.<\/p>\n","protected":false},"excerpt":{"rendered":"<p>UD Viladecans B 3-3 INFANTIL A Gran primera meitat de la Grama que va marxar a la mitja part guanyant 0-2. A la segona part les locals van pr\u00e9mer. La Grama va aconseguir sumar un bon empat despr\u00e9s de fer un gran partit. Gran primera mitad de la Grama que se march\u00f3 a la media [&hellip;]<\/p>\n","protected":false},"author":1,"featured_media":25576,"comment_status":"closed","ping_status":"closed","sticky":false,"template":"","format":"standard","meta":{"footnotes":""},"categories":[4,13],"tags":[],"class_list":["post-25686","post","type-post","status-publish","format-standard","has-post-thumbnail","hentry","category-base-inclusiu","category-femeni"],"_links":{"self":[{"href":"http:\/\/fegrama.cat\/web\/wp-json\/wp\/v2\/posts\/25686","targetHints":{"allow":["GET"]}}],"collection":[{"href":"http:\/\/fegrama.cat\/web\/wp-json\/wp\/v2\/posts"}],"about":[{"href":"http:\/\/fegrama.cat\/web\/wp-json\/wp\/v2\/types\/post"}],"author":[{"embeddable":true,"href":"http:\/\/fegrama.cat\/web\/wp-json\/wp\/v2\/users\/1"}],"replies":[{"embeddable":true,"href":"http:\/\/fegrama.cat\/web\/wp-json\/wp\/v2\/comments?post=25686"}],"version-history":[{"count":1,"href":"http:\/\/fegrama.cat\/web\/wp-json\/wp\/v2\/posts\/25686\/revisions"}],"predecessor-version":[{"id":25687,"href":"http:\/\/fegrama.cat\/web\/wp-json\/wp\/v2\/posts\/25686\/revisions\/25687"}],"wp:featuredmedia":[{"embeddable":true,"href":"http:\/\/fegrama.cat\/web\/wp-json\/wp\/v2\/media\/25576"}],"wp:attachment":[{"href":"http:\/\/fegrama.cat\/web\/wp-json\/wp\/v2\/media?parent=25686"}],"wp:term":[{"taxonomy":"category","embeddable":true,"href":"http:\/\/fegrama.cat\/web\/wp-json\/wp\/v2\/categories?post=25686"},{"taxonomy":"post_tag","embeddable":true,"href":"http:\/\/fegrama.cat\/web\/wp-json\/wp\/v2\/tags?post=25686"}],"curies":[{"name":"wp","href":"https:\/\/api.w.org\/{rel}","templated":true}]}}