{"id":25679,"date":"2018-10-28T21:56:29","date_gmt":"2018-10-28T20:56:29","guid":{"rendered":"http:\/\/fegrama.cat\/web\/?p=25679"},"modified":"2018-10-28T21:56:29","modified_gmt":"2018-10-28T20:56:29","slug":"golejada-de-linfantil-a-i-liders","status":"publish","type":"post","link":"http:\/\/fegrama.cat\/web\/golejada-de-linfantil-a-i-liders\/","title":{"rendered":"Golejada de l&#8217;Infantil A i l\u00edders!!"},"content":{"rendered":"<p>L&#8217;Infantil A va golejar 0-8 al CE L&#8217;Hospitalet C, equip que anava l\u00edder, i la FE Grama aconsegueix el primer lloc.<\/p>\n<p>La Grama es va presentar al camp del l\u00edder amb 6 baixes i tot i aix\u00ed els de Santa Coloma van sortir amb una pressi\u00f3 alta sense donar alternatives al rival. Els jugadors ho van fer a la perfecci\u00f3. Als 15 minuts Mario obria el marcador, i un doblet de Kevin va posar un 0-3 al descans.<\/p>\n<p>La Grama va tenir el clar domini i abundants ocasions de la grama. El la segona part els colomencs no es van adormir i als 3 minuts Guillem d&#8217;estrat\u00e8gia marcava el quart. Elmagn\u00edfico partit d&#8217;intensitat actitud i treball el van arrodonir Mario, Max, Iv\u00e1n i Moha.<\/p>\n<p>Brian Espinola (Entrenador): \u00abOrgull\u00f3s d&#8217;aquests jugadors, les adversitats durant la setmana amb baixes no es podia posar pitjor, per\u00f2 ells s&#8217;ho van creure, \u00e9s fruit del seu treball que comen\u00e7a a veure. Ficar 8 gols a un equip que \u00e9s incre\u00efble com juga \u00e9s molt dif\u00edcil. Aquesta vict\u00f2ria \u00e9s d&#8217;ells i per al nostre capit\u00e0 David Serra, aviat estar\u00e0 de nou amb nosaltres. Ara toca mantenir el mateix nivell en cada partit que \u00e9s dif\u00edcil per\u00f2 per aix\u00f2 treballem dia a dia.\u00bb<\/p>\n<p><a href=\"http:\/\/fegrama.cat\/web\/wp-content\/uploads\/2018\/09\/IA1718.jpeg\"><img loading=\"lazy\" decoding=\"async\" class=\"aligncenter size-large wp-image-25310\" src=\"http:\/\/fegrama.cat\/web\/wp-content\/uploads\/2018\/09\/IA1718-1024x769.jpeg\" alt=\"\" width=\"618\" height=\"464\" srcset=\"http:\/\/fegrama.cat\/web\/wp-content\/uploads\/2018\/09\/IA1718-1024x769.jpeg 1024w, http:\/\/fegrama.cat\/web\/wp-content\/uploads\/2018\/09\/IA1718-300x225.jpeg 300w, http:\/\/fegrama.cat\/web\/wp-content\/uploads\/2018\/09\/IA1718-768x577.jpeg 768w, http:\/\/fegrama.cat\/web\/wp-content\/uploads\/2018\/09\/IA1718.jpeg 1600w\" sizes=\"auto, (max-width: 618px) 100vw, 618px\" \/><\/a><\/p>\n<p>El Infantil A gole\u00f3 0-8 al\u00a0CE L\u2019Hospitalet C, equipo que iba l\u00edder, y la FE Grama alcanza el primer puesto.<\/p>\n<p>La Grama se present\u00f3 en el campo del l\u00edder con 6 bajas y a\u00fan as\u00ed los de Santa Coloma salieron con una presi\u00f3n alta sin dar alternativas al rival. Los jugadores lo hicieron a la perfecci\u00f3n. A los 15 minutos Mario abr\u00eda el marcador, y un doblete de Kevin puso un 0-3 al descanso.<\/p>\n<p>La Grama tuvo el claro dominio\u00a0y abundantes ocasiones de la grama. El la segunda parte los colomenses no se durmieron y a los 3 minutos Guillem de estrategia marcaba el cuarto. Elmagn\u00edfico partido de intensidad actitud y trabajo lo redondearon Mario, Max, Iv\u00e1n y Moha.<\/p>\n<p>Brian Espinola (Entrenador): \u00abOrgulloso de estos jugadores, las adversidades durante la semana con bajas no se pod\u00eda poner peor, pero ellos se lo creyeron, es fruto de su trabajo que empieza a verse. Meter 8 goles a un equipo que es incre\u00edble como juega es muy dif\u00edcil. Esta victoria es de ellos y para nuestro capit\u00e1n David Serra, pronto estar\u00e1 de nuevo con nosotros. Ahora toca mantener el mismo nivel en cada partido que es dif\u00edcil pero para eso trabajamos d\u00eda a d\u00eda.\u00bb<\/p>\n","protected":false},"excerpt":{"rendered":"<p>L&#8217;Infantil A va golejar 0-8 al CE L&#8217;Hospitalet C, equip que anava l\u00edder, i la FE Grama aconsegueix el primer lloc. La Grama es va presentar al camp del l\u00edder amb 6 baixes i tot i aix\u00ed els de Santa Coloma van sortir amb una pressi\u00f3 alta sense donar alternatives al rival. Els jugadors ho [&hellip;]<\/p>\n","protected":false},"author":1,"featured_media":25310,"comment_status":"closed","ping_status":"closed","sticky":false,"template":"","format":"standard","meta":{"footnotes":""},"categories":[4,9],"tags":[],"class_list":["post-25679","post","type-post","status-publish","format-standard","has-post-thumbnail","hentry","category-base-inclusiu","category-infantils"],"_links":{"self":[{"href":"http:\/\/fegrama.cat\/web\/wp-json\/wp\/v2\/posts\/25679","targetHints":{"allow":["GET"]}}],"collection":[{"href":"http:\/\/fegrama.cat\/web\/wp-json\/wp\/v2\/posts"}],"about":[{"href":"http:\/\/fegrama.cat\/web\/wp-json\/wp\/v2\/types\/post"}],"author":[{"embeddable":true,"href":"http:\/\/fegrama.cat\/web\/wp-json\/wp\/v2\/users\/1"}],"replies":[{"embeddable":true,"href":"http:\/\/fegrama.cat\/web\/wp-json\/wp\/v2\/comments?post=25679"}],"version-history":[{"count":1,"href":"http:\/\/fegrama.cat\/web\/wp-json\/wp\/v2\/posts\/25679\/revisions"}],"predecessor-version":[{"id":25680,"href":"http:\/\/fegrama.cat\/web\/wp-json\/wp\/v2\/posts\/25679\/revisions\/25680"}],"wp:featuredmedia":[{"embeddable":true,"href":"http:\/\/fegrama.cat\/web\/wp-json\/wp\/v2\/media\/25310"}],"wp:attachment":[{"href":"http:\/\/fegrama.cat\/web\/wp-json\/wp\/v2\/media?parent=25679"}],"wp:term":[{"taxonomy":"category","embeddable":true,"href":"http:\/\/fegrama.cat\/web\/wp-json\/wp\/v2\/categories?post=25679"},{"taxonomy":"post_tag","embeddable":true,"href":"http:\/\/fegrama.cat\/web\/wp-json\/wp\/v2\/tags?post=25679"}],"curies":[{"name":"wp","href":"https:\/\/api.w.org\/{rel}","templated":true}]}}