{"id":25670,"date":"2018-10-28T21:37:13","date_gmt":"2018-10-28T20:37:13","guid":{"rendered":"http:\/\/fegrama.cat\/web\/?p=25670"},"modified":"2018-10-28T21:37:13","modified_gmt":"2018-10-28T20:37:13","slug":"maneta-de-linfantil-e-a-les-corts","status":"publish","type":"post","link":"http:\/\/fegrama.cat\/web\/maneta-de-linfantil-e-a-les-corts\/","title":{"rendered":"&#8216;Maneta&#8217; de l&#8217;Infantil E a Les Corts"},"content":{"rendered":"<p>L&#8217;Infantil E va aconseguir una gran vict\u00f2ria en imposar-1-5 a Les Corts de Barcelona CE.<\/p>\n<p>Partit en el qual inicialment estava tot molt igualat, els dos equips tenien ocasions per\u00f2 sense definir. La Grama va aconseguir obrir el marcador el que els va portar a jugar amb m\u00e9s relaxaci\u00f3, tanta que per una fallada els locals van aconseguir empatar. Despr\u00e9s del 1-1 la Grama va tornar a manar i abans del descans va marcar l&#8217;1-2.<\/p>\n<p>Despr\u00e9s de perdonar moltes vegades en la segona meitat la Grama no va fallar. Van sortir amb tot, creant moltes situacions de perill aconseguint ampliar l&#8217;avantatge amb tres gols m\u00e9s.<\/p>\n<p>[divider]<\/p>\n<p>El Infantil E consigui\u00f3 una gran victoria al imponerse 1-5 a Les Corts de Barcelona CE.<\/p>\n<p>Partido en el cual inicialmente estaba todo muy igualado, ambos equipos ten\u00edan ocasiones pero sin definir. La Grama consigui\u00f3 abrir el marcador lo que les llev\u00f3 a jugar con m\u00e1s relajaci\u00f3n, tanta que por un fallo los locales consiguieron empatar. Tras el 1-1 la Grama volvi\u00f3 a mandar y antes del descanso marc\u00f3 el 1-2.<\/p>\n<p>Tras perdonar muchas veces en la segunda mitad la Grama no fall\u00f3. Salieron con todo, creando muchas situaciones de peligro consiguiendo ampliar la ventaja con tres goles m\u00e1s.<\/p>\n","protected":false},"excerpt":{"rendered":"<p>L&#8217;Infantil E va aconseguir una gran vict\u00f2ria en imposar-1-5 a Les Corts de Barcelona CE. Partit en el qual inicialment estava tot molt igualat, els dos equips tenien ocasions per\u00f2 sense definir. La Grama va aconseguir obrir el marcador el que els va portar a jugar amb m\u00e9s relaxaci\u00f3, tanta que per una fallada els [&hellip;]<\/p>\n","protected":false},"author":1,"featured_media":5464,"comment_status":"closed","ping_status":"closed","sticky":false,"template":"","format":"standard","meta":{"footnotes":""},"categories":[4,9],"tags":[],"class_list":["post-25670","post","type-post","status-publish","format-standard","has-post-thumbnail","hentry","category-base-inclusiu","category-infantils"],"_links":{"self":[{"href":"http:\/\/fegrama.cat\/web\/wp-json\/wp\/v2\/posts\/25670","targetHints":{"allow":["GET"]}}],"collection":[{"href":"http:\/\/fegrama.cat\/web\/wp-json\/wp\/v2\/posts"}],"about":[{"href":"http:\/\/fegrama.cat\/web\/wp-json\/wp\/v2\/types\/post"}],"author":[{"embeddable":true,"href":"http:\/\/fegrama.cat\/web\/wp-json\/wp\/v2\/users\/1"}],"replies":[{"embeddable":true,"href":"http:\/\/fegrama.cat\/web\/wp-json\/wp\/v2\/comments?post=25670"}],"version-history":[{"count":2,"href":"http:\/\/fegrama.cat\/web\/wp-json\/wp\/v2\/posts\/25670\/revisions"}],"predecessor-version":[{"id":25672,"href":"http:\/\/fegrama.cat\/web\/wp-json\/wp\/v2\/posts\/25670\/revisions\/25672"}],"wp:featuredmedia":[{"embeddable":true,"href":"http:\/\/fegrama.cat\/web\/wp-json\/wp\/v2\/media\/5464"}],"wp:attachment":[{"href":"http:\/\/fegrama.cat\/web\/wp-json\/wp\/v2\/media?parent=25670"}],"wp:term":[{"taxonomy":"category","embeddable":true,"href":"http:\/\/fegrama.cat\/web\/wp-json\/wp\/v2\/categories?post=25670"},{"taxonomy":"post_tag","embeddable":true,"href":"http:\/\/fegrama.cat\/web\/wp-json\/wp\/v2\/tags?post=25670"}],"curies":[{"name":"wp","href":"https:\/\/api.w.org\/{rel}","templated":true}]}}