{"id":25664,"date":"2018-10-28T21:20:26","date_gmt":"2018-10-28T20:20:26","guid":{"rendered":"http:\/\/fegrama.cat\/web\/?p=25664"},"modified":"2018-10-28T21:20:27","modified_gmt":"2018-10-28T20:20:27","slug":"derrota-del-cadet-c-al-nou-sardenya","status":"publish","type":"post","link":"http:\/\/fegrama.cat\/web\/derrota-del-cadet-c-al-nou-sardenya\/","title":{"rendered":"Derrota del Cadet C al Nou Sardenya"},"content":{"rendered":"<p>El Cadet C va caure derrota per la m\u00ednima (1-0) davant el CE Europa C.<\/p>\n<p>Partit complicat per a la Grama davant un rival fort i que estar\u00e0 a dalt a la taula. La primera part va ser per a l&#8217;equip local amb domini de joc i alguna ocasi\u00f3 que salvaria Pau per als colomencs. A la segona meitat la Fundaci\u00f3 milloraria en joc i ocasions.<\/p>\n<p>A deu minuts per al final el Europa amb un colpeig des de fora de l&#8217;\u00e0rea s&#8217;enduia la vict\u00f2ria. Justa vict\u00f2ria per als locals que van ser superiors en tot el partit.<\/p>\n<p><a href=\"http:\/\/fegrama.cat\/web\/wp-content\/uploads\/2018\/10\/CC1819.jpeg\"><img loading=\"lazy\" decoding=\"async\" class=\"aligncenter size-large wp-image-25597\" src=\"http:\/\/fegrama.cat\/web\/wp-content\/uploads\/2018\/10\/CC1819-1024x768.jpeg\" alt=\"\" width=\"618\" height=\"464\" srcset=\"http:\/\/fegrama.cat\/web\/wp-content\/uploads\/2018\/10\/CC1819-1024x768.jpeg 1024w, http:\/\/fegrama.cat\/web\/wp-content\/uploads\/2018\/10\/CC1819-300x225.jpeg 300w, http:\/\/fegrama.cat\/web\/wp-content\/uploads\/2018\/10\/CC1819-768x576.jpeg 768w, http:\/\/fegrama.cat\/web\/wp-content\/uploads\/2018\/10\/CC1819.jpeg 1600w\" sizes=\"auto, (max-width: 618px) 100vw, 618px\" \/><\/a><\/p>\n<p>El Cadete C cay\u00f3 derrota por la m\u00ednima (1-0) ante el CE Europa C.<\/p>\n<p>Partido complicado para la Grama ante un rival fuerte y que estar\u00e1 arriba en la tabla. La primera parte fue para el equipo local con dominio de juego y alguna ocasi\u00f3n que salvar\u00eda Pablo para los colomenses. En la segunda mitad la Fundaci\u00f3 mejorar\u00eda en juego y ocasiones.<\/p>\n<p>A diez minutos para el final el Europa con un golpeo desde fuera del \u00e1rea se llevaba la victoria. Justa victoria para los locales que fueron superiores en todo el partido.<\/p>\n","protected":false},"excerpt":{"rendered":"<p>El Cadet C va caure derrota per la m\u00ednima (1-0) davant el CE Europa C. Partit complicat per a la Grama davant un rival fort i que estar\u00e0 a dalt a la taula. La primera part va ser per a l&#8217;equip local amb domini de joc i alguna ocasi\u00f3 que salvaria Pau per als colomencs. [&hellip;]<\/p>\n","protected":false},"author":1,"featured_media":25597,"comment_status":"closed","ping_status":"closed","sticky":false,"template":"","format":"standard","meta":{"footnotes":""},"categories":[4,7],"tags":[],"class_list":["post-25664","post","type-post","status-publish","format-standard","has-post-thumbnail","hentry","category-base-inclusiu","category-cadets"],"_links":{"self":[{"href":"http:\/\/fegrama.cat\/web\/wp-json\/wp\/v2\/posts\/25664","targetHints":{"allow":["GET"]}}],"collection":[{"href":"http:\/\/fegrama.cat\/web\/wp-json\/wp\/v2\/posts"}],"about":[{"href":"http:\/\/fegrama.cat\/web\/wp-json\/wp\/v2\/types\/post"}],"author":[{"embeddable":true,"href":"http:\/\/fegrama.cat\/web\/wp-json\/wp\/v2\/users\/1"}],"replies":[{"embeddable":true,"href":"http:\/\/fegrama.cat\/web\/wp-json\/wp\/v2\/comments?post=25664"}],"version-history":[{"count":1,"href":"http:\/\/fegrama.cat\/web\/wp-json\/wp\/v2\/posts\/25664\/revisions"}],"predecessor-version":[{"id":25665,"href":"http:\/\/fegrama.cat\/web\/wp-json\/wp\/v2\/posts\/25664\/revisions\/25665"}],"wp:featuredmedia":[{"embeddable":true,"href":"http:\/\/fegrama.cat\/web\/wp-json\/wp\/v2\/media\/25597"}],"wp:attachment":[{"href":"http:\/\/fegrama.cat\/web\/wp-json\/wp\/v2\/media?parent=25664"}],"wp:term":[{"taxonomy":"category","embeddable":true,"href":"http:\/\/fegrama.cat\/web\/wp-json\/wp\/v2\/categories?post=25664"},{"taxonomy":"post_tag","embeddable":true,"href":"http:\/\/fegrama.cat\/web\/wp-json\/wp\/v2\/tags?post=25664"}],"curies":[{"name":"wp","href":"https:\/\/api.w.org\/{rel}","templated":true}]}}