{"id":25660,"date":"2018-10-28T21:59:07","date_gmt":"2018-10-28T20:59:07","guid":{"rendered":"http:\/\/fegrama.cat\/web\/?p=25660"},"modified":"2018-10-29T09:59:19","modified_gmt":"2018-10-29T08:59:19","slug":"resums-dels-equips-prebenjamins-27-i-28-doctubre","status":"publish","type":"post","link":"http:\/\/fegrama.cat\/web\/resums-dels-equips-prebenjamins-27-i-28-doctubre\/","title":{"rendered":"Resums dels equips Prebenjamins (27 i 28 d\u2019octubre)"},"content":{"rendered":"<p><a href=\"http:\/\/fegrama.cat\/web\/wp-content\/uploads\/2018\/10\/prebA.jpeg\"><img loading=\"lazy\" decoding=\"async\" class=\"aligncenter wp-image-25420\" src=\"http:\/\/fegrama.cat\/web\/wp-content\/uploads\/2018\/10\/prebA-1024x768.jpeg\" sizes=\"auto, (max-width: 495px) 100vw, 495px\" srcset=\"http:\/\/fegrama.cat\/web\/wp-content\/uploads\/2018\/10\/prebA-1024x768.jpeg 1024w, http:\/\/fegrama.cat\/web\/wp-content\/uploads\/2018\/10\/prebA-300x225.jpeg 300w, http:\/\/fegrama.cat\/web\/wp-content\/uploads\/2018\/10\/prebA-768x576.jpeg 768w, http:\/\/fegrama.cat\/web\/wp-content\/uploads\/2018\/10\/prebA.jpeg 1600w\" alt=\"\" width=\"495\" height=\"372\" \/><\/a><\/p>\n<p><strong>PREBENJAM\u00cd A 2-3 CF Montase\u00f1a<\/strong><\/p>\n<p>Mal partit de la Grama. Primers dos quarts poc intensos on un equip ben col\u00b7locat i amb m\u00e9s lluita va superar als locals arribant al descans 0-3. Despr\u00e9s del descans el partit va canviar radicalment i la Grama va tancar al rival generant innombrables ocasions per poder donar-li la volta al partit. Al final nom\u00e9s van poder ser 2 gols i amb 2-3 va acabar el partit.<\/p>\n<p>Mal partido de la Grama. Primeros dos cuartos poco intensos donde un equipo bien colocado y con m\u00e1s lucha super\u00f3 a los locales llegando al descanso 0-3. Tras el descanso el partido cambi\u00f3 radicalmente y la Grama encerr\u00f3 al rival generando innumerables ocasiones para poder darle la vuelta al partido. Al final s\u00f3lo pudieron ser 2 goles y con 2-3 acab\u00f3 el partido.<\/p>\n<div>\n<div class=\"clear\">\n<div class=\"clear\">\n<div class=\"clear\">\n<div class=\"clear\">\n<div class=\"clear\">\n<div class=\"clear\">\n<div class=\"clear\"><a href=\"http:\/\/fegrama.cat\/web\/wp-content\/uploads\/2018\/10\/PrebB1819.jpeg\"><img loading=\"lazy\" decoding=\"async\" class=\"aligncenter wp-image-25377\" src=\"http:\/\/fegrama.cat\/web\/wp-content\/uploads\/2018\/10\/PrebB1819-1024x680.jpeg\" sizes=\"auto, (max-width: 464px) 100vw, 464px\" srcset=\"http:\/\/fegrama.cat\/web\/wp-content\/uploads\/2018\/10\/PrebB1819-1024x680.jpeg 1024w, http:\/\/fegrama.cat\/web\/wp-content\/uploads\/2018\/10\/PrebB1819-300x199.jpeg 300w, http:\/\/fegrama.cat\/web\/wp-content\/uploads\/2018\/10\/PrebB1819-768x510.jpeg 768w, http:\/\/fegrama.cat\/web\/wp-content\/uploads\/2018\/10\/PrebB1819.jpeg 1168w\" alt=\"\" width=\"464\" height=\"308\" \/><\/a><\/div>\n<div><\/div>\n<div class=\"divider\"><strong>At.Poble Nou 0-1 PREBENJAM\u00cd B<\/strong><\/div>\n<\/div>\n<\/div>\n<\/div>\n<\/div>\n<\/div>\n<\/div>\n<\/div>\n<p>Partit dif\u00edcil per la pluja. Primera part amb domini de la Grama per\u00f2 amb dificultats en el control per la rapidesa amb qu\u00e8 havia el camp. Tot i aix\u00ed les ocasions eren d&#8217;ells per\u00f2 el gol es resistia. Ja a la represa el bon joc va donar el seu fruit i una bona jugada va acabar en l&#8217;\u00fanic gol del partit, obra d&#8217;Aleix a passada de Pol. Al final la Grama va patir una mica pel curt del marcador per\u00f2 aquests nois van saber defensar el resultat.<\/p>\n<p>Partido dif\u00edcil por la lluvia.\u00a0Primera parte con dominio de la Grama pero con dificultades en el control por lo r\u00e1pido que estaba el campo. A\u00fan as\u00ed las ocasiones eran de ellos pero el gol se resist\u00eda.\u00a0Ya en la reanudaci\u00f3n el buen juego dio su fruto y una buena jugada acab\u00f3 en el \u00fanico gol del partido, obra de Aleix a pase de Pol. Al final la Grama sufri\u00f3 un poco por lo corto del marcador pero estos chicos supieron defender el resultado.<\/p>\n<div class=\"divider\">\n<div class=\"divider\">\n<div class=\"divider\">\n<div class=\"divider\">\n<div class=\"divider\">[divider]<\/div>\n<\/div>\n<\/div>\n<\/div>\n<\/div>\n<p><strong>CF Unificaci\u00f3n Llefi\u00e0 D 4-2 PREBENJAM\u00cd D<\/strong><\/p>\n<p>Un partit que serveix com a base per comen\u00e7ar un projecte en el qual es t\u00e9 il\u00b7lusi\u00f3. Igualtat en tot moment en un xoc que al final es va decantar per dos contraatacs ben executats de l&#8217;equip rival.<\/p>\n<p>Un partido que sirve como base para empezar un proyecto en el que se tiene ilusi\u00f3n. Igualdad en todo momento en un choque que al final se decant\u00f3 por dos contraataques bien ejecutados del equipo rival.<\/p>\n<div class=\"divider\"><a href=\"http:\/\/fegrama.cat\/web\/wp-content\/uploads\/2018\/10\/preE1819.jpeg\"><img loading=\"lazy\" decoding=\"async\" class=\"aligncenter wp-image-25360\" src=\"http:\/\/fegrama.cat\/web\/wp-content\/uploads\/2018\/10\/preE1819.jpeg\" sizes=\"auto, (max-width: 539px) 100vw, 539px\" srcset=\"http:\/\/fegrama.cat\/web\/wp-content\/uploads\/2018\/10\/preE1819.jpeg 605w, http:\/\/fegrama.cat\/web\/wp-content\/uploads\/2018\/10\/preE1819-300x196.jpeg 300w\" alt=\"\" width=\"539\" height=\"353\" \/><\/a><\/div>\n<p><strong>PREBENJAM\u00cd E 3-2 CF Singuerl\u00edn<\/strong><\/p>\n<p>Enorme partit dels menuts en un derbi colomenc molt emocionant i disputat fins a l&#8217;\u00faltim moment. La Grama cada vegada es mostra millor en jugades combinatives. Tres punts molt lluitats.<\/p>\n<p>Enorme partido de los peques en un derbi colomense muy emocionante y disputado hasta el \u00faltimo momento. La Grama cada vez se muestra mejor en jugadas combinativas. Tres puntos muy luchados.<\/p>\n","protected":false},"excerpt":{"rendered":"<p>PREBENJAM\u00cd A 2-3 CF Montase\u00f1a Mal partit de la Grama. Primers dos quarts poc intensos on un equip ben col\u00b7locat i amb m\u00e9s lluita va superar als locals arribant al descans 0-3. Despr\u00e9s del descans el partit va canviar radicalment i la Grama va tancar al rival generant innombrables ocasions per poder donar-li la volta [&hellip;]<\/p>\n","protected":false},"author":1,"featured_media":5515,"comment_status":"closed","ping_status":"closed","sticky":false,"template":"","format":"standard","meta":{"footnotes":""},"categories":[4,12],"tags":[],"class_list":["post-25660","post","type-post","status-publish","format-standard","has-post-thumbnail","hentry","category-base-inclusiu","category-prebenjamins"],"_links":{"self":[{"href":"http:\/\/fegrama.cat\/web\/wp-json\/wp\/v2\/posts\/25660","targetHints":{"allow":["GET"]}}],"collection":[{"href":"http:\/\/fegrama.cat\/web\/wp-json\/wp\/v2\/posts"}],"about":[{"href":"http:\/\/fegrama.cat\/web\/wp-json\/wp\/v2\/types\/post"}],"author":[{"embeddable":true,"href":"http:\/\/fegrama.cat\/web\/wp-json\/wp\/v2\/users\/1"}],"replies":[{"embeddable":true,"href":"http:\/\/fegrama.cat\/web\/wp-json\/wp\/v2\/comments?post=25660"}],"version-history":[{"count":4,"href":"http:\/\/fegrama.cat\/web\/wp-json\/wp\/v2\/posts\/25660\/revisions"}],"predecessor-version":[{"id":25691,"href":"http:\/\/fegrama.cat\/web\/wp-json\/wp\/v2\/posts\/25660\/revisions\/25691"}],"wp:featuredmedia":[{"embeddable":true,"href":"http:\/\/fegrama.cat\/web\/wp-json\/wp\/v2\/media\/5515"}],"wp:attachment":[{"href":"http:\/\/fegrama.cat\/web\/wp-json\/wp\/v2\/media?parent=25660"}],"wp:term":[{"taxonomy":"category","embeddable":true,"href":"http:\/\/fegrama.cat\/web\/wp-json\/wp\/v2\/categories?post=25660"},{"taxonomy":"post_tag","embeddable":true,"href":"http:\/\/fegrama.cat\/web\/wp-json\/wp\/v2\/tags?post=25660"}],"curies":[{"name":"wp","href":"https:\/\/api.w.org\/{rel}","templated":true}]}}