{"id":25653,"date":"2018-10-28T19:56:35","date_gmt":"2018-10-28T18:56:35","guid":{"rendered":"http:\/\/fegrama.cat\/web\/?p=25653"},"modified":"2018-10-28T21:05:05","modified_gmt":"2018-10-28T20:05:05","slug":"resums-dels-equips-alevins-27-i-28-doctubre","status":"publish","type":"post","link":"http:\/\/fegrama.cat\/web\/resums-dels-equips-alevins-27-i-28-doctubre\/","title":{"rendered":"Resums dels equips Alevins (27 i 28 d\u2019octubre)"},"content":{"rendered":"<div class=\"divider\"><a href=\"http:\/\/fegrama.cat\/web\/wp-content\/uploads\/2018\/09\/AB1819.jpeg\"><img loading=\"lazy\" decoding=\"async\" class=\"aligncenter wp-image-25220\" src=\"http:\/\/fegrama.cat\/web\/wp-content\/uploads\/2018\/09\/AB1819-1024x633.jpeg\" sizes=\"auto, (max-width: 414px) 100vw, 414px\" srcset=\"http:\/\/fegrama.cat\/web\/wp-content\/uploads\/2018\/09\/AB1819-1024x633.jpeg 1024w, http:\/\/fegrama.cat\/web\/wp-content\/uploads\/2018\/09\/AB1819-300x185.jpeg 300w, http:\/\/fegrama.cat\/web\/wp-content\/uploads\/2018\/09\/AB1819-768x475.jpeg 768w, http:\/\/fegrama.cat\/web\/wp-content\/uploads\/2018\/09\/AB1819.jpeg 1079w\" alt=\"\" width=\"414\" height=\"256\" \/><\/a><\/div>\n<p><strong>CE Mercantil B 2-1 ALEV\u00cd B<\/strong><\/p>\n<p>Partit per oblidar. Un camp impracticable, impossible de crear joc en un lloc ple de bassals i aigua. Partit molt igualat que es va decantar per als locals amb dos detalls. Un gol en pr\u00f2pia porta va avan\u00e7ar al Mercantil, en l&#8217;\u00faltim quart la Grama va estr\u00e8nyer i va empatar per\u00f2 en un contraatac es va tancar el partit.<\/p>\n<p>Partido para olvidar. Un campo impracticable, imposible de crear juego en un lugar lleno de charcos y agua. Partido muy igualado que se decant\u00f3 para los locales con dos detalles. Un gol en propia puerta adelant\u00f3 al Mercantil, en el \u00faltimo cuarto la Grama apret\u00f3 y empat\u00f3 pero en un contraataque se cerr\u00f3 el partido.<\/p>\n<div class=\"divider\">\n<div class=\"divider\">[divider]<\/div>\n<\/div>\n<p><strong>CP Sarri\u00e0 B 2-0 ALEV\u00cd C<\/strong><\/p>\n<p>Partit on la Grama va mer\u00e8ixer molt m\u00e9s. Els colomencs van dominar i van tenir molt\u00edssimes ocasions de gol per\u00f2 la pilota no va voler entrar. En un c\u00f3rner el Sarri\u00e0 marcaria el 1-0, gol pol\u00e8mic que no va haver de pujar al marcador ja que van acomodar la pilota amb la m\u00e0. Tot i el gol la Grama va seguir sent superior per\u00f2 en una de les poques arribes dels locals arribaria el 2-0 de falta.<\/p>\n<p>Partido donde la Grama mereci\u00f3 mucho m\u00e1s. Los colomenses dominaron y tuvieron much\u00edsimas ocasiones de gol pero el bal\u00f3n no quiso entrar. En un c\u00f3rner el Sarri\u00e0 marcar\u00eda el 1-0, gol pol\u00e9mico que no debi\u00f3 subir al marcador pues acomodaron el bal\u00f3n con la mano. Pese al gol la Grama sigui\u00f3 siendo superior pero en una de las pocas llegas de los locales llegar\u00eda el 2-0 de falta.<\/p>\n<div class=\"divider\">\n<div class=\"divider\">\n<div class=\"divider\">\n<div class=\"divider\">\n<div class=\"divider\">\n<div class=\"divider\">[divider]<\/div>\n<\/div>\n<\/div>\n<\/div>\n<\/div>\n<\/div>\n<p><strong>CD Pujadas 2-4 ALEV\u00cd D<\/strong><\/p>\n<p>Partit on els colomencs van comen\u00e7ar molt b\u00e9 els dos primers quarts. Despr\u00e9s del descans els locals van empatar i en l&#8217;\u00faltim quart la Grama va sentenciar el partit. Una gran alegria per als nens sumar els tres punts.<\/p>\n<p>Partido donde los colomenses empezaron muy bien los dos primeros cuartos. Tras el descanso los locales empataron y en el \u00faltimo cuarto la Grama sentenci\u00f3 el partido. Una gran alegr\u00eda para los ni\u00f1os sumar los tres puntos.<\/p>\n<div class=\"divider\">\n<div class=\"divider\">\n<div class=\"divider\">\n<div class=\"divider\">[divider]<\/div>\n<\/div>\n<\/div>\n<\/div>\n<p><strong>ALEV\u00cd E 14-2 La Florida B<\/strong><\/p>\n<p>Molt aviat la Grama es va posar amb avantatge i a partir de l&#8217;1-0 els colomencs es van relaxar i l&#8217;equip visitant amb dos contraatacs li donaria la volta al marcador. En el segon quart va arribar la reacci\u00f3 de la Grama golejant i jugant a gran nivell, sent molt superiors al seu rival.<\/p>\n<p>Muy pronto la Grama se puso con ventaja y a partir del 1-0 los colomenses se relajaron y el equipo visitante con dos contraataques le dar\u00eda la vuelta al marcador. En el segundo cuarto lleg\u00f3 la reacci\u00f3n de la Grama goleando y jugando a gran nivel, siendo muy superiores a su rival.<\/p>\n<div class=\"divider\">\n<div class=\"divider\">\n<div class=\"divider\">\n<div class=\"divider\">\n<div class=\"divider\">[divider]<\/div>\n<\/div>\n<\/div>\n<\/div>\n<\/div>\n<p><strong>Young Talent C 5-6 ALEV\u00cd F<\/strong><\/p>\n<p>Partit i rival complicat on la Grama va entrar b\u00e9 avan\u00e7ant-i marxant en el marcador fins a un 0-3. Al descans la relaxaci\u00f3 els va costar un gol. Nom\u00e9s comen\u00e7ar la segona part els de Badalona van marcar el seu segon gol i la Grama va reaccionar marcant tres gols seguits (2-6). Els colomencs es tornarien a relaxar i els locals es van col\u00b7locar a tan sols un gol posant nervi\u00f3s als visitants per\u00f2 sense ser capa\u00e7os d&#8217;empatar.<\/p>\n<p>Partido y rival complicado donde la Grama entr\u00f3 bien adelant\u00e1ndose y march\u00e1ndose en el marcador hasta un 0-3. Al descanso la relajaci\u00f3n les cost\u00f3 un gol. Nada m\u00e1s comenzar la\u00a0segunda parte los de Badalona marcaron su segundo gol y la Grama reaccion\u00f3 marcando tres goles seguidos (2-6). Los colomenses se volver\u00edan a relajar y los locales se colocaron a tan solo un gol poniendo nervioso a los visitantes pero sin ser capaces de empatar.<\/p>\n<p>[divider]<\/p>\n<p><strong>ALEV\u00cd G 4-5 PB Barcino F<\/strong><\/p>\n<p>Gran partit el viscut a Les Oliveres on la Grama va mer\u00e8ixer m\u00e9s. Els colomencs es van posar 3-0 al marcador, avantatge que van desaprofitar per la falta de concentraci\u00f3 en defensa i veure com el seu rival li va remuntar a un 3-5. El quart gol de la Grama ja va arribar sense temps per a m\u00e9s. A destacar que la Grama va jugar sense porter en un camp entollat. Una derrota injusta.<\/p>\n<p>Gran partido el vivido en Les Oliveres donde la Grama mereci\u00f3 m\u00e1s. Los colomenses se pusieron 3-0 en el marcador, ventaja que desaprovecharon por la falta de concentraci\u00f3n en defensa y ver como su rival le remont\u00f3 a un 3-5. El cuarto gol de la Grama ya lleg\u00f3 sin tiempo para m\u00e1s. A destacar que la Grama jug\u00f3 sin portero en un campo encharcado. Una derrota injusta.<\/p>\n","protected":false},"excerpt":{"rendered":"<p>CE Mercantil B 2-1 ALEV\u00cd B Partit per oblidar. Un camp impracticable, impossible de crear joc en un lloc ple de bassals i aigua. Partit molt igualat que es va decantar per als locals amb dos detalls. Un gol en pr\u00f2pia porta va avan\u00e7ar al Mercantil, en l&#8217;\u00faltim quart la Grama va estr\u00e8nyer i va [&hellip;]<\/p>\n","protected":false},"author":1,"featured_media":11164,"comment_status":"closed","ping_status":"closed","sticky":false,"template":"","format":"standard","meta":{"footnotes":""},"categories":[10,4],"tags":[],"class_list":["post-25653","post","type-post","status-publish","format-standard","has-post-thumbnail","hentry","category-alevins","category-base-inclusiu"],"_links":{"self":[{"href":"http:\/\/fegrama.cat\/web\/wp-json\/wp\/v2\/posts\/25653","targetHints":{"allow":["GET"]}}],"collection":[{"href":"http:\/\/fegrama.cat\/web\/wp-json\/wp\/v2\/posts"}],"about":[{"href":"http:\/\/fegrama.cat\/web\/wp-json\/wp\/v2\/types\/post"}],"author":[{"embeddable":true,"href":"http:\/\/fegrama.cat\/web\/wp-json\/wp\/v2\/users\/1"}],"replies":[{"embeddable":true,"href":"http:\/\/fegrama.cat\/web\/wp-json\/wp\/v2\/comments?post=25653"}],"version-history":[{"count":3,"href":"http:\/\/fegrama.cat\/web\/wp-json\/wp\/v2\/posts\/25653\/revisions"}],"predecessor-version":[{"id":25658,"href":"http:\/\/fegrama.cat\/web\/wp-json\/wp\/v2\/posts\/25653\/revisions\/25658"}],"wp:featuredmedia":[{"embeddable":true,"href":"http:\/\/fegrama.cat\/web\/wp-json\/wp\/v2\/media\/11164"}],"wp:attachment":[{"href":"http:\/\/fegrama.cat\/web\/wp-json\/wp\/v2\/media?parent=25653"}],"wp:term":[{"taxonomy":"category","embeddable":true,"href":"http:\/\/fegrama.cat\/web\/wp-json\/wp\/v2\/categories?post=25653"},{"taxonomy":"post_tag","embeddable":true,"href":"http:\/\/fegrama.cat\/web\/wp-json\/wp\/v2\/tags?post=25653"}],"curies":[{"name":"wp","href":"https:\/\/api.w.org\/{rel}","templated":true}]}}