{"id":25645,"date":"2018-10-25T10:39:07","date_gmt":"2018-10-25T09:39:07","guid":{"rendered":"http:\/\/fegrama.cat\/web\/?p=25645"},"modified":"2018-10-25T10:39:35","modified_gmt":"2018-10-25T09:39:35","slug":"trencar-la-dinamica-i-guanyar-al-cuer","status":"publish","type":"post","link":"http:\/\/fegrama.cat\/web\/trencar-la-dinamica-i-guanyar-al-cuer\/","title":{"rendered":"Trencar la din\u00e0mica i guanyar al cuer"},"content":{"rendered":"<p>L&#8217;equip dirigit per <strong>Toni D\u00edaz<\/strong> una jornada m\u00e9s lluitar\u00e0 per trencar la din\u00e0mica i comen\u00e7ar a pujar en la classificaci\u00f3. Sumar una vict\u00f2ria faria que la ratxa canvi\u00e9s i pass\u00e9s a ser dos partits consecutius sense perdre.<\/p>\n<p style=\"text-align: center;\"><strong>Diumenge a les 11:45 hores al Municipal de la Grama. En directe per <a href=\"http:\/\/www.gramaradio.cat\">www.gramaradio.cat<\/a><\/strong><\/p>\n<p>El seu rival ser\u00e0 el <strong>FC Martinenc<\/strong>, 21\u00ba classificat. El cuer de la lliga acumula tres derrotes consecutives i fora de casa encara no han guanyat.<\/p>\n<p><a href=\"http:\/\/fegrama.cat\/web\/wp-content\/uploads\/2018\/10\/11standreugrama.jpg\"><img loading=\"lazy\" decoding=\"async\" class=\"aligncenter wp-image-25399\" src=\"http:\/\/fegrama.cat\/web\/wp-content\/uploads\/2018\/10\/11standreugrama.jpg\" sizes=\"auto, (max-width: 510px) 100vw, 510px\" srcset=\"http:\/\/fegrama.cat\/web\/wp-content\/uploads\/2018\/10\/11standreugrama.jpg 960w, http:\/\/fegrama.cat\/web\/wp-content\/uploads\/2018\/10\/11standreugrama-300x225.jpg 300w, http:\/\/fegrama.cat\/web\/wp-content\/uploads\/2018\/10\/11standreugrama-768x576.jpg 768w\" alt=\"\" width=\"510\" height=\"383\" \/><\/a><\/p>\n<p>El equipo dirigido por\u00a0<strong>Toni D\u00edaz<\/strong>\u00a0una jornada m\u00e1s luchar\u00e1 por romper la din\u00e1mica y empezar a subir en la clasificaci\u00f3n. Sumar una victoria har\u00eda que la racha cambiara y pasara a ser dos partidos consecutivos sin perder.<\/p>\n<p style=\"text-align: center;\"><strong>El domingo a las 11:45 horas en el Municipal de la Grama. En directo por\u00a0<a href=\"http:\/\/www.gramaradio.cat\/\">www.gramaradio.cat<\/a><\/strong><\/p>\n<p>Su rival ser\u00e1 el\u00a0<strong>FC Martinenc<\/strong>, 21\u00ba clasificado. El colista de la liga acumula tres derrotas consecutivas y fuera de casa todav\u00eda no han ganado.<\/p>\n","protected":false},"excerpt":{"rendered":"<p>L&#8217;equip dirigit per Toni D\u00edaz una jornada m\u00e9s lluitar\u00e0 per trencar la din\u00e0mica i comen\u00e7ar a pujar en la classificaci\u00f3. Sumar una vict\u00f2ria faria que la ratxa canvi\u00e9s i pass\u00e9s a ser dos partits consecutius sense perdre. Diumenge a les 11:45 hores al Municipal de la Grama. En directe per www.gramaradio.cat El seu rival ser\u00e0 [&hellip;]<\/p>\n","protected":false},"author":1,"featured_media":25587,"comment_status":"closed","ping_status":"closed","sticky":false,"template":"","format":"standard","meta":{"footnotes":""},"categories":[4,5],"tags":[],"class_list":["post-25645","post","type-post","status-publish","format-standard","has-post-thumbnail","hentry","category-base-inclusiu","category-primer-equip"],"_links":{"self":[{"href":"http:\/\/fegrama.cat\/web\/wp-json\/wp\/v2\/posts\/25645","targetHints":{"allow":["GET"]}}],"collection":[{"href":"http:\/\/fegrama.cat\/web\/wp-json\/wp\/v2\/posts"}],"about":[{"href":"http:\/\/fegrama.cat\/web\/wp-json\/wp\/v2\/types\/post"}],"author":[{"embeddable":true,"href":"http:\/\/fegrama.cat\/web\/wp-json\/wp\/v2\/users\/1"}],"replies":[{"embeddable":true,"href":"http:\/\/fegrama.cat\/web\/wp-json\/wp\/v2\/comments?post=25645"}],"version-history":[{"count":1,"href":"http:\/\/fegrama.cat\/web\/wp-json\/wp\/v2\/posts\/25645\/revisions"}],"predecessor-version":[{"id":25647,"href":"http:\/\/fegrama.cat\/web\/wp-json\/wp\/v2\/posts\/25645\/revisions\/25647"}],"wp:featuredmedia":[{"embeddable":true,"href":"http:\/\/fegrama.cat\/web\/wp-json\/wp\/v2\/media\/25587"}],"wp:attachment":[{"href":"http:\/\/fegrama.cat\/web\/wp-json\/wp\/v2\/media?parent=25645"}],"wp:term":[{"taxonomy":"category","embeddable":true,"href":"http:\/\/fegrama.cat\/web\/wp-json\/wp\/v2\/categories?post=25645"},{"taxonomy":"post_tag","embeddable":true,"href":"http:\/\/fegrama.cat\/web\/wp-json\/wp\/v2\/tags?post=25645"}],"curies":[{"name":"wp","href":"https:\/\/api.w.org\/{rel}","templated":true}]}}