{"id":25636,"date":"2018-10-24T13:34:35","date_gmt":"2018-10-24T12:34:35","guid":{"rendered":"http:\/\/fegrama.cat\/web\/?p=25636"},"modified":"2018-10-24T13:34:35","modified_gmt":"2018-10-24T12:34:35","slug":"dissabte-el-cadet-a-juga-a-figueres","status":"publish","type":"post","link":"http:\/\/fegrama.cat\/web\/dissabte-el-cadet-a-juga-a-figueres\/","title":{"rendered":"Dissabte el Cadet A juga a Figueres"},"content":{"rendered":"<p>L&#8217;equip de Manuel Pel\u00e1ez va sumar la jornada passada una gran vict\u00f2ria com a visitant i aquest cap de setmana s&#8217;enfrontar\u00e0 a un rival directe en la lluita per la perman\u00e8ncia.<\/p>\n<p style=\"text-align: center;\"><strong>Dissabte a les 17 hores al Municipal Vilatenim.<\/strong><\/p>\n<p>El seu rival ser\u00e0 la UE Figueres, el 11\u00e8 de la classificaci\u00f3. Acumulen dues derrotes consecutives, encara no coneixen la vict\u00f2ria com a locals.<\/p>\n<p>[divider]<\/p>\n<p>El equipo de Manuel Pel\u00e1ez sum\u00f3 la jornada pasada una gran victoria como visitante y este fin de semana se enfrentar\u00e1 a un rival directo en la lucha por la permanencia.<\/p>\n<p style=\"text-align: center;\"><strong>El s\u00e1bado a las 17 horas en el Municipal Vilatenim.<\/strong><\/p>\n<p>Su rival ser\u00e1 la UE Figueres, el 11\u00ba de la clasificaci\u00f3n. Acumulan dos derrotas consecutivas, todav\u00eda no conocen la victoria como locales.<\/p>\n","protected":false},"excerpt":{"rendered":"<p>L&#8217;equip de Manuel Pel\u00e1ez va sumar la jornada passada una gran vict\u00f2ria com a visitant i aquest cap de setmana s&#8217;enfrontar\u00e0 a un rival directe en la lluita per la perman\u00e8ncia. Dissabte a les 17 hores al Municipal Vilatenim. El seu rival ser\u00e0 la UE Figueres, el 11\u00e8 de la classificaci\u00f3. Acumulen dues derrotes consecutives, [&hellip;]<\/p>\n","protected":false},"author":1,"featured_media":25417,"comment_status":"closed","ping_status":"closed","sticky":false,"template":"","format":"standard","meta":{"footnotes":""},"categories":[4,7],"tags":[],"class_list":["post-25636","post","type-post","status-publish","format-standard","has-post-thumbnail","hentry","category-base-inclusiu","category-cadets"],"_links":{"self":[{"href":"http:\/\/fegrama.cat\/web\/wp-json\/wp\/v2\/posts\/25636","targetHints":{"allow":["GET"]}}],"collection":[{"href":"http:\/\/fegrama.cat\/web\/wp-json\/wp\/v2\/posts"}],"about":[{"href":"http:\/\/fegrama.cat\/web\/wp-json\/wp\/v2\/types\/post"}],"author":[{"embeddable":true,"href":"http:\/\/fegrama.cat\/web\/wp-json\/wp\/v2\/users\/1"}],"replies":[{"embeddable":true,"href":"http:\/\/fegrama.cat\/web\/wp-json\/wp\/v2\/comments?post=25636"}],"version-history":[{"count":1,"href":"http:\/\/fegrama.cat\/web\/wp-json\/wp\/v2\/posts\/25636\/revisions"}],"predecessor-version":[{"id":25637,"href":"http:\/\/fegrama.cat\/web\/wp-json\/wp\/v2\/posts\/25636\/revisions\/25637"}],"wp:featuredmedia":[{"embeddable":true,"href":"http:\/\/fegrama.cat\/web\/wp-json\/wp\/v2\/media\/25417"}],"wp:attachment":[{"href":"http:\/\/fegrama.cat\/web\/wp-json\/wp\/v2\/media?parent=25636"}],"wp:term":[{"taxonomy":"category","embeddable":true,"href":"http:\/\/fegrama.cat\/web\/wp-json\/wp\/v2\/categories?post=25636"},{"taxonomy":"post_tag","embeddable":true,"href":"http:\/\/fegrama.cat\/web\/wp-json\/wp\/v2\/tags?post=25636"}],"curies":[{"name":"wp","href":"https:\/\/api.w.org\/{rel}","templated":true}]}}