{"id":25632,"date":"2018-10-24T13:13:53","date_gmt":"2018-10-24T12:13:53","guid":{"rendered":"http:\/\/fegrama.cat\/web\/?p=25632"},"modified":"2018-10-24T13:13:53","modified_gmt":"2018-10-24T12:13:53","slug":"previes-dels-equips-infantils-27-i-28-doctubre","status":"publish","type":"post","link":"http:\/\/fegrama.cat\/web\/previes-dels-equips-infantils-27-i-28-doctubre\/","title":{"rendered":"Pr\u00e8vies dels equips Infantils (27 i 28 d\u2019octubre)"},"content":{"rendered":"<p><a href=\"http:\/\/fegrama.cat\/web\/wp-content\/uploads\/2018\/09\/IA1718.jpeg\"><img loading=\"lazy\" decoding=\"async\" class=\"aligncenter size-large wp-image-25310\" src=\"http:\/\/fegrama.cat\/web\/wp-content\/uploads\/2018\/09\/IA1718-1024x769.jpeg\" sizes=\"auto, (max-width: 618px) 100vw, 618px\" srcset=\"http:\/\/fegrama.cat\/web\/wp-content\/uploads\/2018\/09\/IA1718-1024x769.jpeg 1024w, http:\/\/fegrama.cat\/web\/wp-content\/uploads\/2018\/09\/IA1718-300x225.jpeg 300w, http:\/\/fegrama.cat\/web\/wp-content\/uploads\/2018\/09\/IA1718-768x577.jpeg 768w, http:\/\/fegrama.cat\/web\/wp-content\/uploads\/2018\/09\/IA1718.jpeg 1600w\" alt=\"\" width=\"618\" height=\"464\" \/><\/a><\/p>\n<p><strong>INFANTIL A<\/strong><\/p>\n<p>L\u2019equip de Brian Espinola juga dissabte a les 13:30 hores al Municipal de\u00a0 L&#8217;Hospitalet de Llobregat davant el CE L&#8217;Hospitalet C.<\/p>\n<p>El equipo de Brian Espinola juega el s\u00e1bado a las 13:30 horas en el Municipal de\u00a0 L&#8217;Hospitalet de Llobregat ante el CE L&#8217;Hospitalet C..<\/p>\n<div class=\"divider\">\n<div class=\"divider\">\n<div class=\"divider\">\n<div class=\"divider\">[divider]<\/div>\n<\/div>\n<\/div>\n<\/div>\n<p><strong>INFANTIL B<\/strong><\/p>\n<p>L\u2019equip dirigit per V\u00edctor D\u00edaz juguen diumenge a les 14:15 hores a Badalona davant la Unificaci\u00f3n Llefi\u00e0.<\/p>\n<p>El equipo dirigido por V\u00edctor D\u00edaz juega el domingo a las 14:15 horas en Badalona ante la Unificaci\u00f3n Llefi\u00e0.<\/p>\n<div class=\"divider\">\n<div class=\"divider\">\n<div class=\"divider\">[divider]<\/div>\n<\/div>\n<\/div>\n<p><strong>INFANTIL C<\/strong><\/p>\n<p>L\u2019equip de Toni S\u00e1nchez juga diumenge a les 15:45 hores al Municipal de la Grama davant la FF Badalona C.<\/p>\n<p>El equipo de Toni S\u00e1nchez juega el domingo a las 15:45 horas en el Municipal de la Grama ante la FF Badalona C.<\/p>\n<div class=\"divider\">\n<div class=\"divider\">\n<div class=\"divider\">[divider]<\/div>\n<\/div>\n<\/div>\n<p><strong>INFANTIL D<\/strong><\/p>\n<p>L\u2019equip de Juan Antonio Abril juga dissabte a les 12:30 hores al Municipal de L&#8217;Hospitalet Centre davant l&#8217;At. C. Hospitalense B.<\/p>\n<p>El equipo de Juan Antonio Abril juega el s\u00e1bado a las 12:30 horas en el Municipal\u00a0de L&#8217;Hospitalet Centre ante el\u00a0At. C. Hospitalense B.<\/p>\n<div class=\"divider\">\n<div class=\"divider\">\n<div class=\"divider\">\n<div class=\"divider\">\n<div class=\"divider\">\n<div class=\"divider\">[divider]<\/div>\n<\/div>\n<\/div>\n<\/div>\n<\/div>\n<\/div>\n<p><strong>INFANTIL E<\/strong><\/p>\n<p>Els nois de Dolors juguen dissabte a les 08:30 hores al CEM Aristides Maillol davant Les Corts de Barcelona CE.<\/p>\n<p>Los chicos de Dolors juegan el s\u00e1bado a las 08:30 horas en el\u00a0CEM Aristides Maillol ante Les Corts de Barcelona CE.<\/p>\n","protected":false},"excerpt":{"rendered":"<p>INFANTIL A L\u2019equip de Brian Espinola juga dissabte a les 13:30 hores al Municipal de\u00a0 L&#8217;Hospitalet de Llobregat davant el CE L&#8217;Hospitalet C. El equipo de Brian Espinola juega el s\u00e1bado a las 13:30 horas en el Municipal de\u00a0 L&#8217;Hospitalet de Llobregat ante el CE L&#8217;Hospitalet C.. [divider] INFANTIL B L\u2019equip dirigit per V\u00edctor D\u00edaz [&hellip;]<\/p>\n","protected":false},"author":1,"featured_media":7118,"comment_status":"closed","ping_status":"closed","sticky":false,"template":"","format":"standard","meta":{"footnotes":""},"categories":[4,9],"tags":[],"class_list":["post-25632","post","type-post","status-publish","format-standard","has-post-thumbnail","hentry","category-base-inclusiu","category-infantils"],"_links":{"self":[{"href":"http:\/\/fegrama.cat\/web\/wp-json\/wp\/v2\/posts\/25632","targetHints":{"allow":["GET"]}}],"collection":[{"href":"http:\/\/fegrama.cat\/web\/wp-json\/wp\/v2\/posts"}],"about":[{"href":"http:\/\/fegrama.cat\/web\/wp-json\/wp\/v2\/types\/post"}],"author":[{"embeddable":true,"href":"http:\/\/fegrama.cat\/web\/wp-json\/wp\/v2\/users\/1"}],"replies":[{"embeddable":true,"href":"http:\/\/fegrama.cat\/web\/wp-json\/wp\/v2\/comments?post=25632"}],"version-history":[{"count":1,"href":"http:\/\/fegrama.cat\/web\/wp-json\/wp\/v2\/posts\/25632\/revisions"}],"predecessor-version":[{"id":25633,"href":"http:\/\/fegrama.cat\/web\/wp-json\/wp\/v2\/posts\/25632\/revisions\/25633"}],"wp:featuredmedia":[{"embeddable":true,"href":"http:\/\/fegrama.cat\/web\/wp-json\/wp\/v2\/media\/7118"}],"wp:attachment":[{"href":"http:\/\/fegrama.cat\/web\/wp-json\/wp\/v2\/media?parent=25632"}],"wp:term":[{"taxonomy":"category","embeddable":true,"href":"http:\/\/fegrama.cat\/web\/wp-json\/wp\/v2\/categories?post=25632"},{"taxonomy":"post_tag","embeddable":true,"href":"http:\/\/fegrama.cat\/web\/wp-json\/wp\/v2\/tags?post=25632"}],"curies":[{"name":"wp","href":"https:\/\/api.w.org\/{rel}","templated":true}]}}