{"id":25625,"date":"2018-10-24T11:37:48","date_gmt":"2018-10-24T10:37:48","guid":{"rendered":"http:\/\/fegrama.cat\/web\/?p=25625"},"modified":"2018-10-24T11:38:26","modified_gmt":"2018-10-24T10:38:26","slug":"previes-dels-equips-prebenjamins-27-doctubre","status":"publish","type":"post","link":"http:\/\/fegrama.cat\/web\/previes-dels-equips-prebenjamins-27-doctubre\/","title":{"rendered":"Pr\u00e8vies dels equips Prebenjamins (27 d\u2019octubre)"},"content":{"rendered":"<p><a href=\"http:\/\/fegrama.cat\/web\/wp-content\/uploads\/2018\/10\/prebA.jpeg\"><img loading=\"lazy\" decoding=\"async\" class=\"aligncenter wp-image-25420\" src=\"http:\/\/fegrama.cat\/web\/wp-content\/uploads\/2018\/10\/prebA-1024x768.jpeg\" sizes=\"auto, (max-width: 495px) 100vw, 495px\" srcset=\"http:\/\/fegrama.cat\/web\/wp-content\/uploads\/2018\/10\/prebA-1024x768.jpeg 1024w, http:\/\/fegrama.cat\/web\/wp-content\/uploads\/2018\/10\/prebA-300x225.jpeg 300w, http:\/\/fegrama.cat\/web\/wp-content\/uploads\/2018\/10\/prebA-768x576.jpeg 768w, http:\/\/fegrama.cat\/web\/wp-content\/uploads\/2018\/10\/prebA.jpeg 1600w\" alt=\"\" width=\"495\" height=\"372\" \/><\/a><\/p>\n<p><strong>PREBENJAM\u00cd A<\/strong><\/p>\n<p>Els nois d\u2019\u00c1lex L\u00f3pez tenen partit el dissabte a les 11:45 hores al Municipal de Les Oliveres davant el CF Monta\u00f1esa.<\/p>\n<p>Los chicos d\u2019\u00c1lex L\u00f3pez tienen partido el s\u00e1bado a las 11:45 horas en el Municipal de Les Oliveres ante el CF Monta\u00f1esa.<\/p>\n<div>\n<div class=\"clear\">\n<div class=\"clear\">\n<div class=\"clear\">\n<div class=\"clear\">\n<div class=\"clear\">\n<div class=\"clear\">\n<div class=\"clear\"><a href=\"http:\/\/fegrama.cat\/web\/wp-content\/uploads\/2018\/10\/PrebB1819.jpeg\"><img loading=\"lazy\" decoding=\"async\" class=\"aligncenter wp-image-25377\" src=\"http:\/\/fegrama.cat\/web\/wp-content\/uploads\/2018\/10\/PrebB1819-1024x680.jpeg\" sizes=\"auto, (max-width: 464px) 100vw, 464px\" srcset=\"http:\/\/fegrama.cat\/web\/wp-content\/uploads\/2018\/10\/PrebB1819-1024x680.jpeg 1024w, http:\/\/fegrama.cat\/web\/wp-content\/uploads\/2018\/10\/PrebB1819-300x199.jpeg 300w, http:\/\/fegrama.cat\/web\/wp-content\/uploads\/2018\/10\/PrebB1819-768x510.jpeg 768w, http:\/\/fegrama.cat\/web\/wp-content\/uploads\/2018\/10\/PrebB1819.jpeg 1168w\" alt=\"\" width=\"464\" height=\"308\" \/><\/a><\/div>\n<div><\/div>\n<div class=\"divider\"><strong>PREBENJAM\u00cd B<\/strong><\/div>\n<\/div>\n<\/div>\n<\/div>\n<\/div>\n<\/div>\n<\/div>\n<\/div>\n<p>L\u2019equip de\u00a0Rub\u00e9n Jim\u00e9nez juga dissabte a les 10 hores al CEM Maresme davant l&#8217;At. Poble Nou.<\/p>\n<p>El equipo de Rub\u00e9n Jim\u00e9nez juega el s\u00e1bado a las 10 horas en el\u00a0CEM Maresme ante el At. Poble Nou.<\/p>\n<div class=\"divider\">\n<div class=\"divider\">\n<div class=\"divider\">\n<div class=\"divider\">[divider]<\/div>\n<\/div>\n<\/div>\n<\/div>\n<p><strong>PREBENJAM\u00cd C<\/strong><\/p>\n<p>L\u2019equip de Miguel \u00c1ngel juga el dissabte a les 11:5 horas al Municipal de Les Oliveres davant l&#8217;U. At. d&#8217;Horta C.<\/p>\n<p>El equipo de Miguel \u00c1ngel juega el s\u00e1bado a las 11:45 horas en el Municipal de Les Oliveres ante la\u00a0U. At. d&#8217;Horta C.<\/p>\n<div class=\"divider\">\n<div class=\"divider\">\n<div class=\"divider\">\n<div class=\"divider\">[divider]<\/div>\n<\/div>\n<\/div>\n<\/div>\n<p><strong>PREBENJAM\u00cd D<\/strong><\/p>\n<p>Els nois de Jonathan juguen dissabte a les 10:30 hores a Badalona davant el CF Unificaci\u00f3n Llefi\u00e0 D.<\/p>\n<p>Los chicos de Jonathan juegan el s\u00e1bado a las 12:15 horas en Badalona contra el CF Unificaci\u00f3n Llefi\u00e0 D.<\/p>\n<div class=\"divider\"><a href=\"http:\/\/fegrama.cat\/web\/wp-content\/uploads\/2018\/10\/preE1819.jpeg\"><img loading=\"lazy\" decoding=\"async\" class=\"aligncenter wp-image-25360\" src=\"http:\/\/fegrama.cat\/web\/wp-content\/uploads\/2018\/10\/preE1819.jpeg\" sizes=\"auto, (max-width: 539px) 100vw, 539px\" srcset=\"http:\/\/fegrama.cat\/web\/wp-content\/uploads\/2018\/10\/preE1819.jpeg 605w, http:\/\/fegrama.cat\/web\/wp-content\/uploads\/2018\/10\/preE1819-300x196.jpeg 300w\" alt=\"\" width=\"539\" height=\"353\" \/><\/a><\/div>\n<p><strong>PREBENJAM\u00cd E<\/strong><\/p>\n<p>Els nois d\u2019Unai juguen dissabte a les 10:45 hores al Municipal de Les Oliveres contra el CF Singuerl\u00edn.<\/p>\n<p>Los chicos de Unai juegan el s\u00e1bado a las 10:45 horas en el Municipal de Les Oliveres contra el CF Singuerl\u00edn.<\/p>\n","protected":false},"excerpt":{"rendered":"<p>PREBENJAM\u00cd A Els nois d\u2019\u00c1lex L\u00f3pez tenen partit el dissabte a les 11:45 hores al Municipal de Les Oliveres davant el CF Monta\u00f1esa. Los chicos d\u2019\u00c1lex L\u00f3pez tienen partido el s\u00e1bado a las 11:45 horas en el Municipal de Les Oliveres ante el CF Monta\u00f1esa. PREBENJAM\u00cd B L\u2019equip de\u00a0Rub\u00e9n Jim\u00e9nez juga dissabte a les 10 [&hellip;]<\/p>\n","protected":false},"author":1,"featured_media":5515,"comment_status":"closed","ping_status":"closed","sticky":false,"template":"","format":"standard","meta":{"footnotes":""},"categories":[4,12],"tags":[],"class_list":["post-25625","post","type-post","status-publish","format-standard","has-post-thumbnail","hentry","category-base-inclusiu","category-prebenjamins"],"_links":{"self":[{"href":"http:\/\/fegrama.cat\/web\/wp-json\/wp\/v2\/posts\/25625","targetHints":{"allow":["GET"]}}],"collection":[{"href":"http:\/\/fegrama.cat\/web\/wp-json\/wp\/v2\/posts"}],"about":[{"href":"http:\/\/fegrama.cat\/web\/wp-json\/wp\/v2\/types\/post"}],"author":[{"embeddable":true,"href":"http:\/\/fegrama.cat\/web\/wp-json\/wp\/v2\/users\/1"}],"replies":[{"embeddable":true,"href":"http:\/\/fegrama.cat\/web\/wp-json\/wp\/v2\/comments?post=25625"}],"version-history":[{"count":2,"href":"http:\/\/fegrama.cat\/web\/wp-json\/wp\/v2\/posts\/25625\/revisions"}],"predecessor-version":[{"id":25627,"href":"http:\/\/fegrama.cat\/web\/wp-json\/wp\/v2\/posts\/25625\/revisions\/25627"}],"wp:featuredmedia":[{"embeddable":true,"href":"http:\/\/fegrama.cat\/web\/wp-json\/wp\/v2\/media\/5515"}],"wp:attachment":[{"href":"http:\/\/fegrama.cat\/web\/wp-json\/wp\/v2\/media?parent=25625"}],"wp:term":[{"taxonomy":"category","embeddable":true,"href":"http:\/\/fegrama.cat\/web\/wp-json\/wp\/v2\/categories?post=25625"},{"taxonomy":"post_tag","embeddable":true,"href":"http:\/\/fegrama.cat\/web\/wp-json\/wp\/v2\/tags?post=25625"}],"curies":[{"name":"wp","href":"https:\/\/api.w.org\/{rel}","templated":true}]}}