{"id":25623,"date":"2018-10-24T11:30:39","date_gmt":"2018-10-24T10:30:39","guid":{"rendered":"http:\/\/fegrama.cat\/web\/?p=25623"},"modified":"2018-10-24T11:30:39","modified_gmt":"2018-10-24T10:30:39","slug":"previes-dels-equips-benjamins-27-i-28-doctubre","status":"publish","type":"post","link":"http:\/\/fegrama.cat\/web\/previes-dels-equips-benjamins-27-i-28-doctubre\/","title":{"rendered":"Pr\u00e8vies dels equips Benjamins (27 i 28 d\u2019octubre)"},"content":{"rendered":"<p><strong>BENJAM\u00cd A<\/strong><\/p>\n<p>L\u2019equip dirigit per Antonio Rosillo juga dissabte a les 09 hores al Municipal de la Grama davant l&#8217;U. At. d&#8217;Horta.<\/p>\n<p>El equipo dirigido por Antonio Rosillo juega el s\u00e1bado a las 09 horas en el Municipal de Llefi\u00e0 ante la U. At. d&#8217;Horta.<\/p>\n<div class=\"divider\">\n<div class=\"divider\">\n<div class=\"divider\">\n<div class=\"divider\">\n<div class=\"divider\">[divider]<\/div>\n<\/div>\n<\/div>\n<\/div>\n<\/div>\n<p><strong>BENJAM\u00cd B<\/strong><\/p>\n<p>L\u2019equip de Jonatan Delgado jugar\u00e0 diumenge a les 14:30 hores al Municipal de la Grama contra el CF Santa Eul\u00e0lia.<\/p>\n<p>El equipo de Jonatan Delgado jugar\u00e1 el domingo a las 14:30 horas en el\u00a0Municipal de la Grama contra el CF Santa Eul\u00e0lia.<\/p>\n<div>\n<div class=\"clear\">\n<div class=\"divider\"><a href=\"http:\/\/fegrama.cat\/web\/wp-content\/uploads\/2018\/09\/BC.jpeg\"><img loading=\"lazy\" decoding=\"async\" class=\"aligncenter size-large wp-image-25302\" src=\"http:\/\/fegrama.cat\/web\/wp-content\/uploads\/2018\/09\/BC-1024x768.jpeg\" sizes=\"auto, (max-width: 618px) 100vw, 618px\" srcset=\"http:\/\/fegrama.cat\/web\/wp-content\/uploads\/2018\/09\/BC-1024x768.jpeg 1024w, http:\/\/fegrama.cat\/web\/wp-content\/uploads\/2018\/09\/BC-300x225.jpeg 300w, http:\/\/fegrama.cat\/web\/wp-content\/uploads\/2018\/09\/BC-768x576.jpeg 768w, http:\/\/fegrama.cat\/web\/wp-content\/uploads\/2018\/09\/BC.jpeg 1600w\" alt=\"\" width=\"618\" height=\"464\" \/><\/a><\/div>\n<\/div>\n<\/div>\n<p><strong>BENJAM\u00cd C<\/strong><\/p>\n<p>Els nois de Pau juguen dissabte a les 09 hores al Municipal de la Grama davant del CD Sant Gabriel D.<\/p>\n<p>Los chicos de Pau juegan\u00a0el s\u00e1bado a las 09 horas en el Municipal de la Grama ante el CD Sant Gabriel D.<\/p>\n<p>[divider]<\/p>\n<p><strong>BENJAM\u00cd D<\/strong><\/p>\n<p>L\u2019equip d\u2019Alex Jim\u00e9nez juga diumenge a les 14:30 hores al Municipal de la Grama davant l&#8217;At. C. Hospitalense B.<\/p>\n<p>El equipo de Alex Jim\u00e9nez juega el domingo a las 14:30 horas en el Municipal de la Grama ante la At. C. Hospitalense B<\/p>\n<div class=\"clear\">\n<div class=\"clear\">\n<div class=\"clear\">\n<div class=\"clear\">\n<div class=\"clear\">\n<div class=\"clear\">\n<div class=\"divider\">\n<div class=\"clear\">\n<div class=\"clear\">\n<div class=\"clear\">\n<div class=\"clear\">\n<div class=\"divider\"><a href=\"http:\/\/fegrama.cat\/web\/wp-content\/uploads\/2018\/09\/BE1819.jpeg\"><img loading=\"lazy\" decoding=\"async\" class=\"aligncenter size-large wp-image-25213\" src=\"http:\/\/fegrama.cat\/web\/wp-content\/uploads\/2018\/09\/BE1819-1024x760.jpeg\" sizes=\"auto, (max-width: 618px) 100vw, 618px\" srcset=\"http:\/\/fegrama.cat\/web\/wp-content\/uploads\/2018\/09\/BE1819-1024x760.jpeg 1024w, http:\/\/fegrama.cat\/web\/wp-content\/uploads\/2018\/09\/BE1819-300x223.jpeg 300w, http:\/\/fegrama.cat\/web\/wp-content\/uploads\/2018\/09\/BE1819-768x570.jpeg 768w, http:\/\/fegrama.cat\/web\/wp-content\/uploads\/2018\/09\/BE1819.jpeg 1600w\" alt=\"\" width=\"618\" height=\"459\" \/><\/a><\/div>\n<\/div>\n<\/div>\n<\/div>\n<\/div>\n<\/div>\n<\/div>\n<\/div>\n<\/div>\n<\/div>\n<\/div>\n<\/div>\n<p><strong>BENJAM\u00cd E<\/strong><\/p>\n<p>Els nois d\u2019Enric Ginesta juguen dissabte a les 13\u00a0 hores a Les Oliveres contra el CF Alzamora C.<\/p>\n<p>Los chicos de Enric Ginesta juegan\u00a0el s\u00e1bado a las 13 horas en Les Oliveres contra\u00a0el CF Alzamora C.<\/p>\n<div class=\"divider\">\n<div class=\"divider\">[divider]<\/div>\n<\/div>\n<p><strong>BENJAM\u00cd F<\/strong><\/p>\n<p>L\u2019equip dirigit per Aitor Granell t\u00e9 partit diumenge a les 09 hores al Municipal La Sat\u00e0lia davant el CE APA Poble Sec C.<\/p>\n<p>El equipo dirigido por Aitor Granell tiene partido el domingo a las 09 horas en el\u00a0Municipal La Sat\u00e0lia ante el CE APA Poble Sec C.<\/p>\n","protected":false},"excerpt":{"rendered":"<p>BENJAM\u00cd A L\u2019equip dirigit per Antonio Rosillo juga dissabte a les 09 hores al Municipal de la Grama davant l&#8217;U. At. d&#8217;Horta. El equipo dirigido por Antonio Rosillo juega el s\u00e1bado a las 09 horas en el Municipal de Llefi\u00e0 ante la U. At. d&#8217;Horta. [divider] BENJAM\u00cd B L\u2019equip de Jonatan Delgado jugar\u00e0 diumenge a [&hellip;]<\/p>\n","protected":false},"author":1,"featured_media":5908,"comment_status":"closed","ping_status":"closed","sticky":false,"template":"","format":"standard","meta":{"footnotes":""},"categories":[4,11],"tags":[],"class_list":["post-25623","post","type-post","status-publish","format-standard","has-post-thumbnail","hentry","category-base-inclusiu","category-benjamins"],"_links":{"self":[{"href":"http:\/\/fegrama.cat\/web\/wp-json\/wp\/v2\/posts\/25623","targetHints":{"allow":["GET"]}}],"collection":[{"href":"http:\/\/fegrama.cat\/web\/wp-json\/wp\/v2\/posts"}],"about":[{"href":"http:\/\/fegrama.cat\/web\/wp-json\/wp\/v2\/types\/post"}],"author":[{"embeddable":true,"href":"http:\/\/fegrama.cat\/web\/wp-json\/wp\/v2\/users\/1"}],"replies":[{"embeddable":true,"href":"http:\/\/fegrama.cat\/web\/wp-json\/wp\/v2\/comments?post=25623"}],"version-history":[{"count":1,"href":"http:\/\/fegrama.cat\/web\/wp-json\/wp\/v2\/posts\/25623\/revisions"}],"predecessor-version":[{"id":25624,"href":"http:\/\/fegrama.cat\/web\/wp-json\/wp\/v2\/posts\/25623\/revisions\/25624"}],"wp:featuredmedia":[{"embeddable":true,"href":"http:\/\/fegrama.cat\/web\/wp-json\/wp\/v2\/media\/5908"}],"wp:attachment":[{"href":"http:\/\/fegrama.cat\/web\/wp-json\/wp\/v2\/media?parent=25623"}],"wp:term":[{"taxonomy":"category","embeddable":true,"href":"http:\/\/fegrama.cat\/web\/wp-json\/wp\/v2\/categories?post=25623"},{"taxonomy":"post_tag","embeddable":true,"href":"http:\/\/fegrama.cat\/web\/wp-json\/wp\/v2\/tags?post=25623"}],"curies":[{"name":"wp","href":"https:\/\/api.w.org\/{rel}","templated":true}]}}