{"id":25621,"date":"2018-10-24T10:50:31","date_gmt":"2018-10-24T09:50:31","guid":{"rendered":"http:\/\/fegrama.cat\/web\/?p=25621"},"modified":"2018-10-24T10:50:31","modified_gmt":"2018-10-24T09:50:31","slug":"previes-dels-equips-alevins-27-i-28-doctubre","status":"publish","type":"post","link":"http:\/\/fegrama.cat\/web\/previes-dels-equips-alevins-27-i-28-doctubre\/","title":{"rendered":"Pr\u00e8vies dels equips Alevins (27 i 28 d\u2019octubre)"},"content":{"rendered":"<p><strong>ALEV\u00cd A<\/strong><\/p>\n<p>L\u2019equip dirigit per Rafael Eugenio Galera juga dissabte a les 10:30 hores al Municipal del Centenari davant la EF Matar\u00f3 B.<\/p>\n<p>El equipo dirigido por Rafael Eugenio Galera juega el s\u00e1bado a las 10:30 horas en el Municipal del Centenari ante la EF Matar\u00f3 B.<\/p>\n<div class=\"divider\"><a href=\"http:\/\/fegrama.cat\/web\/wp-content\/uploads\/2018\/09\/AB1819.jpeg\"><img loading=\"lazy\" decoding=\"async\" class=\"aligncenter wp-image-25220\" src=\"http:\/\/fegrama.cat\/web\/wp-content\/uploads\/2018\/09\/AB1819-1024x633.jpeg\" sizes=\"auto, (max-width: 414px) 100vw, 414px\" srcset=\"http:\/\/fegrama.cat\/web\/wp-content\/uploads\/2018\/09\/AB1819-1024x633.jpeg 1024w, http:\/\/fegrama.cat\/web\/wp-content\/uploads\/2018\/09\/AB1819-300x185.jpeg 300w, http:\/\/fegrama.cat\/web\/wp-content\/uploads\/2018\/09\/AB1819-768x475.jpeg 768w, http:\/\/fegrama.cat\/web\/wp-content\/uploads\/2018\/09\/AB1819.jpeg 1079w\" alt=\"\" width=\"414\" height=\"256\" \/><\/a><\/div>\n<p><strong>ALEV\u00cd B<\/strong><\/p>\n<p>L\u2019equip dirigit per Joan Salvador\u00a0juga diumenge a les 09 hores al Barcelona davant el CE Mercantil B.<\/p>\n<p>El equipo dirigido por Joan Salvador\u00a0juega el domingo a las 09 horas en Barcelona ante el CE Mercantil B.<\/p>\n<div class=\"divider\">[divider]<\/div>\n<p><strong>ALEV\u00cd C<\/strong><\/p>\n<p>Els nois de Brian Jim\u00e9nez juguen dissabte a les 13 hores al Municipal Can Caralleu contra el CP Sarri\u00e0 B.<\/p>\n<p>Los chicos de Brian Jim\u00e9nez juegan el s\u00e1bado a las 13 horas en el\u00a0Municipal Can Caralleu contra el CP Sarri\u00e0 B.<\/p>\n<div class=\"divider\">\n<div class=\"divider\">\n<div class=\"divider\">\n<div class=\"divider\">\n<div class=\"divider\">[divider]<\/div>\n<\/div>\n<\/div>\n<\/div>\n<\/div>\n<p><strong>ALEV\u00cd D<\/strong><\/p>\n<p>L\u2019equip de Weleson Da Silva t\u00e9 partit al CEM Maresme diumenge a les 10 hores davant el CD Pujadas.<\/p>\n<p>El equipo de Weleson Da Silva tiene partido en el CEM Maresme el s\u00e1bado a las 10 horas ante el CD Pujadas.<\/p>\n<div class=\"divider\">\n<div class=\"divider\">\n<div class=\"divider\">[divider]<\/div>\n<\/div>\n<\/div>\n<p><strong>ALEV\u00cd E<\/strong><\/p>\n<p>Els nois de Javier Juan Tenorio juguen diumenge a les 09 hores al Municipal de Les Oliveres contra La Florida B.<\/p>\n<p>Los chicos de Javier Juan Tenorio juegan el domingo a las 09 horas en el Municipal de Les Oliveres contra La Florida B.<\/p>\n<div class=\"divider\">\n<div class=\"divider\">\n<div class=\"divider\">\n<div class=\"divider\">[divider]<\/div>\n<\/div>\n<\/div>\n<\/div>\n<p><strong>ALEV\u00cd F<\/strong><\/p>\n<p>Els nois d\u2019Eduard Montoro juguen dissabte a les 10 hores al Municipal\u00a0de Badalona Sud davant la Young Talent C.<\/p>\n<p>Los chicos de Eduard Montoro juegan el s\u00e1bado a las 10 horas en el Municipal de Badalona Sud ante la Young Talent C.<\/p>\n<div class=\"divider\">\n<div class=\"divider\">[divider]<\/div>\n<\/div>\n<p><strong>ALEV\u00cd G<\/strong><\/p>\n<p>Els nois de V\u00edctor juguen dissabte a les 13 hores a Les Oliveres davant el CE PB Barcino F.<\/p>\n<p>Los chicos de V\u00edctor juegan el s\u00e1bado a las 13 horas en Les Oliveres ante\u00a0el CE PB Barcino F.<\/p>\n","protected":false},"excerpt":{"rendered":"<p>ALEV\u00cd A L\u2019equip dirigit per Rafael Eugenio Galera juga dissabte a les 10:30 hores al Municipal del Centenari davant la EF Matar\u00f3 B. El equipo dirigido por Rafael Eugenio Galera juega el s\u00e1bado a las 10:30 horas en el Municipal del Centenari ante la EF Matar\u00f3 B. ALEV\u00cd B L\u2019equip dirigit per Joan Salvador\u00a0juga diumenge [&hellip;]<\/p>\n","protected":false},"author":1,"featured_media":5887,"comment_status":"closed","ping_status":"closed","sticky":false,"template":"","format":"standard","meta":{"footnotes":""},"categories":[10,4],"tags":[],"class_list":["post-25621","post","type-post","status-publish","format-standard","has-post-thumbnail","hentry","category-alevins","category-base-inclusiu"],"_links":{"self":[{"href":"http:\/\/fegrama.cat\/web\/wp-json\/wp\/v2\/posts\/25621","targetHints":{"allow":["GET"]}}],"collection":[{"href":"http:\/\/fegrama.cat\/web\/wp-json\/wp\/v2\/posts"}],"about":[{"href":"http:\/\/fegrama.cat\/web\/wp-json\/wp\/v2\/types\/post"}],"author":[{"embeddable":true,"href":"http:\/\/fegrama.cat\/web\/wp-json\/wp\/v2\/users\/1"}],"replies":[{"embeddable":true,"href":"http:\/\/fegrama.cat\/web\/wp-json\/wp\/v2\/comments?post=25621"}],"version-history":[{"count":1,"href":"http:\/\/fegrama.cat\/web\/wp-json\/wp\/v2\/posts\/25621\/revisions"}],"predecessor-version":[{"id":25622,"href":"http:\/\/fegrama.cat\/web\/wp-json\/wp\/v2\/posts\/25621\/revisions\/25622"}],"wp:featuredmedia":[{"embeddable":true,"href":"http:\/\/fegrama.cat\/web\/wp-json\/wp\/v2\/media\/5887"}],"wp:attachment":[{"href":"http:\/\/fegrama.cat\/web\/wp-json\/wp\/v2\/media?parent=25621"}],"wp:term":[{"taxonomy":"category","embeddable":true,"href":"http:\/\/fegrama.cat\/web\/wp-json\/wp\/v2\/categories?post=25621"},{"taxonomy":"post_tag","embeddable":true,"href":"http:\/\/fegrama.cat\/web\/wp-json\/wp\/v2\/tags?post=25621"}],"curies":[{"name":"wp","href":"https:\/\/api.w.org\/{rel}","templated":true}]}}