{"id":25611,"date":"2018-10-22T11:20:59","date_gmt":"2018-10-22T10:20:59","guid":{"rendered":"http:\/\/fegrama.cat\/web\/?p=25611"},"modified":"2018-10-22T11:20:59","modified_gmt":"2018-10-22T10:20:59","slug":"partit-per-oblidar-del-juvenil-b-2","status":"publish","type":"post","link":"http:\/\/fegrama.cat\/web\/partit-per-oblidar-del-juvenil-b-2\/","title":{"rendered":"Partit per oblidar del Juvenil B"},"content":{"rendered":"<p>El Juvenil B va caure derrotat 5-1 davant el CE L&#8217;Hospitalet B en un partit desgraciat.<\/p>\n<p>Als dos minuts de joc Miquel Carvalho es lesionava, possiblement de gravetat, en una jugada fortu\u00efta per una entrada. A partir d&#8217;aix\u00f2 tot va comen\u00e7ar a sortir-malament als colomencs, falta de concentraci\u00f3 i males execucions. L&#8217;Hospitalet, equip molt dur, no va deixar jugar a la Grama parant tot amb faltes.<\/p>\n<p>La lesi\u00f3 de Miquel unit al joc brusc del rival, sempre parant amb faltes, va deixar als jugadors visitants sense poder entrar en el partit.<\/p>\n<p>Dani Rosa: \u00abAmb ganes que comenci la setmana per treballar el pr\u00f2xim partit i oblidar aquesta jornada.\u00bb<\/p>\n<p>[divider]<\/p>\n<p>El Juvenil B cay\u00f3 derrotado 5-1 ante el CE L\u2019Hospitalet B en un partido desgraciado.<\/p>\n<p>A los dos minutos de juego Miquel Carvalho se lesionaba, posiblemente de gravedad, en una jugada fortuita por una entrada. A partir de eso todo empez\u00f3 a salirles mal a los colomenses, falta de concentraci\u00f3n y malas ejecuciones. El Hospitalet, equipo muy duro, no dej\u00f3 jugar a la Grama parando todo con faltas.<\/p>\n<p>La lesi\u00f3n de Miquel unido al juego brusco del rival, siempre parando con faltas, dej\u00f3 a los jugadores visitantes sin poder meterse en el partido.<\/p>\n<p>Dani Rosa: \u00abCon ganas de que empiece la semana para trabajar el pr\u00f3ximo partido y olvidar esta jornada.\u00bb<\/p>\n","protected":false},"excerpt":{"rendered":"<p>El Juvenil B va caure derrotat 5-1 davant el CE L&#8217;Hospitalet B en un partit desgraciat. Als dos minuts de joc Miquel Carvalho es lesionava, possiblement de gravetat, en una jugada fortu\u00efta per una entrada. A partir d&#8217;aix\u00f2 tot va comen\u00e7ar a sortir-malament als colomencs, falta de concentraci\u00f3 i males execucions. L&#8217;Hospitalet, equip molt dur, [&hellip;]<\/p>\n","protected":false},"author":1,"featured_media":25381,"comment_status":"closed","ping_status":"closed","sticky":false,"template":"","format":"standard","meta":{"footnotes":""},"categories":[4,6],"tags":[],"class_list":["post-25611","post","type-post","status-publish","format-standard","has-post-thumbnail","hentry","category-base-inclusiu","category-juvenils"],"_links":{"self":[{"href":"http:\/\/fegrama.cat\/web\/wp-json\/wp\/v2\/posts\/25611","targetHints":{"allow":["GET"]}}],"collection":[{"href":"http:\/\/fegrama.cat\/web\/wp-json\/wp\/v2\/posts"}],"about":[{"href":"http:\/\/fegrama.cat\/web\/wp-json\/wp\/v2\/types\/post"}],"author":[{"embeddable":true,"href":"http:\/\/fegrama.cat\/web\/wp-json\/wp\/v2\/users\/1"}],"replies":[{"embeddable":true,"href":"http:\/\/fegrama.cat\/web\/wp-json\/wp\/v2\/comments?post=25611"}],"version-history":[{"count":1,"href":"http:\/\/fegrama.cat\/web\/wp-json\/wp\/v2\/posts\/25611\/revisions"}],"predecessor-version":[{"id":25612,"href":"http:\/\/fegrama.cat\/web\/wp-json\/wp\/v2\/posts\/25611\/revisions\/25612"}],"wp:featuredmedia":[{"embeddable":true,"href":"http:\/\/fegrama.cat\/web\/wp-json\/wp\/v2\/media\/25381"}],"wp:attachment":[{"href":"http:\/\/fegrama.cat\/web\/wp-json\/wp\/v2\/media?parent=25611"}],"wp:term":[{"taxonomy":"category","embeddable":true,"href":"http:\/\/fegrama.cat\/web\/wp-json\/wp\/v2\/categories?post=25611"},{"taxonomy":"post_tag","embeddable":true,"href":"http:\/\/fegrama.cat\/web\/wp-json\/wp\/v2\/tags?post=25611"}],"curies":[{"name":"wp","href":"https:\/\/api.w.org\/{rel}","templated":true}]}}