{"id":25601,"date":"2018-10-21T20:26:44","date_gmt":"2018-10-21T19:26:44","guid":{"rendered":"http:\/\/fegrama.cat\/web\/?p=25601"},"modified":"2018-10-21T20:26:44","modified_gmt":"2018-10-21T19:26:44","slug":"lluitant-fins-al-final-pero-sense-sort-el-cadet-a","status":"publish","type":"post","link":"http:\/\/fegrama.cat\/web\/lluitant-fins-al-final-pero-sense-sort-el-cadet-a\/","title":{"rendered":"Lluitant fins al final per\u00f2 sense sort el Cadet A"},"content":{"rendered":"<p>Derrota del Cadet A per 1-2 davant la FE Palam\u00f3s, els blaus van lluitar fins al xiulet final per sumar algun punt.<\/p>\n<p>Un Palam\u00f3s molt f\u00edsic i amb les idees molt clares visitava al Municipal, un bon equip que a m\u00e9s de la gran envergadura dels seus jugadors va saber jugar b\u00e9 les seves armes. La Fundaci\u00f3 va comen\u00e7ar la trobada alguna cosa accelerada, potser les ganes de fer un bon partit a casa i derrotar un rival com el Palam\u00f3s, va fer que els jugadors blaus sortissin una mica precipitats i exaltats.<\/p>\n<p>La Grama intentava fer-se amb el control de l&#8217;esf\u00e8ric per\u00f2 amb algunes imprecisions, davant un rival que ben ordenat esperava robar per llan\u00e7ar. En una perduda al centre del camp, un jugador visitant despla\u00e7a una pilota a l&#8217;esquena de la defensa de Santa Coloma deixant al davanter groc en un un contra un contra Izan. El porter \u00e9s regatejat i no li queda una altra que fer penal. El Palam\u00f3s transformaria el penal posant el 0-1 al marcador al minut 7. Aquest gol trastocaria una mica a la Fundaci\u00f3, que poc despr\u00e9s i en un altre pilota llarga, veuria com el conjunt visitant cap al 0-2, que seria anul\u00b7lat per fora de joc.<\/p>\n<p>A partir d&#8217;aqu\u00ed, una Grama ja m\u00e9s assentada i calmada va comen\u00e7ar fer-se amb el control del joc, els blaus manejaven la pilota i s&#8217;acostaven a poc a poc a la porteria visitant, amb un xut de Yago des de la frontal que surt fregant el travesser i 01:00 Xut de Guille s&#8217;arribaria al descans. A la represa, el Palam\u00f3s va sortir molt ficat i durant els primers 10 minuts va aguaitar a la Grama buscant el segon. Les grans intervencions del porter Izan van mantenir als de Santa Coloma en el partit i en el minut 52 i despr\u00e9s d&#8217;una bona jugada individual de Rai, aquest era enderrocat a l&#8217;\u00e0rea i el col\u00b7legiat assenyalava penal. El mateix Rai feia el 1-1 per als locals, que arran d&#8217;aqu\u00ed, van comen\u00e7ar a dominar i voler buscar la vict\u00f2ria. Per\u00f2 el Palam\u00f3s en cap moment sota els bra\u00e7os i en tot moment va buscar el partit. Ja en el minut 70 i despr\u00e9s d&#8217;un rebuig en un c\u00f3rner, un jugador visitant posava un centre lateral que era rematat per un company posant l&#8217;1-2.<\/p>\n<p>Bona reacci\u00f3 del Cadet A que ho va intentar fins al final, va buscar amb insist\u00e8ncia l&#8217;empat i va poder aconseguir-ho a pilota parada per mitj\u00e0 de Javito, per\u00f2 al final el resultat no es va moure.<\/p>\n<p>Manu Pel\u00e1ez: \u00abEns anem fotuts pel resultat, per\u00f2 orgullosos dels nostres jugadors que ho han intentat fins al final i aquesta \u00e9s l&#8217;actitud. Al final del partit la majoria estaven desolats al vestidor i en part \u00abens alegra\u00bb veure que est\u00e0s derrota els fan mal i que volen no nom\u00e9s guanyar, sin\u00f3 millorar &#8230; sota el meu punt de vista, vam mer\u00e8ixer puntuar, per\u00f2 aix\u00ed \u00e9s el futbol &#8230; tornarem dimarts als entrenaments amb m\u00e9s guanya si \u00e9s possible !! \u00bb<\/p>\n<p>&nbsp;<\/p>\n<p>[divider]<\/p>\n<p>Derrota del Cadete A por 1-2 ante la FE Palam\u00f3s, los azules lucharon hasta el pitido final por sumar alg\u00fan punto.<\/p>\n<p>Un Palam\u00f3s muy f\u00edsico y con las ideas muy claras visitaba el Municipal, un buen equipo que adem\u00e1s de la gran envergadura de sus jugadores supo jugar bien sus armas.\u00a0La Fundaci\u00f3 empez\u00f3 el encuentro algo acelerada, quiz\u00e1s las ganas de hacer un buen partido en casa y derrotar a un rival como el Palam\u00f3s, hizo que los jugadores azulones salieran algo precipitados y exaltados.<\/p>\n<p>La Grama intentaba hacerse con el control del esf\u00e9rico pero con algunas imprecisiones, ante un rival que bien ordenado esperaba robar para lanzar. En una perdida en el centro del campo, un jugador visitante desplaza un bal\u00f3n a espaldas de la defensa de Santa Coloma dejando al delantero amarillo en un uno contra uno contra Izan. El portero es regateado y no le queda otra que hacer penalti. El Palam\u00f3s transformar\u00eda el penalti poniendo el 0-1 en el marcador en el minuto 7. Este gol trastocar\u00eda un poco a la Fundaci\u00f3, que poco despu\u00e9s y en otro bal\u00f3n largo, ver\u00eda como el conjunto visitante hacia el 0-2, que ser\u00eda anulado por fuera de juego.<\/p>\n<p>A partir de aqu\u00ed, una Grama ya m\u00e1s asentada y calmada empez\u00f3 hacerse con el control del juego, los azules manejaban el bal\u00f3n y se acercaban poco a poco a la porter\u00eda visitante, con un disparo de Yago desde la frontal que sale rozando el larguero y un Chut de Guille se llegar\u00eda al descanso. En la reanudaci\u00f3n , el Palam\u00f3s sali\u00f3 muy metido y durante los primeros 10 minutos acech\u00f3 a la Grama\u00a0 buscando el segundo. Las grandes intervenciones del portero Izan mantuvieron a los de Santa Coloma en el partido y en el minuto 52 y tras una buena jugada individual de Rai, este era derribado en el \u00e1rea y el colegiado se\u00f1alaba penalti. El mismo Rai hac\u00eda el 1-1 para los locales, que a ra\u00edz de aqu\u00ed, empezaron a dominar y querer buscar la victoria. Pero el Palam\u00f3s en ning\u00fan momento bajo los brazos y en todo momento busc\u00f3 el partido. Ya en el minuto 70 y tras un rechace en un saque de esquina, un jugador visitante pon\u00eda un centro lateral que era rematado por un compa\u00f1ero poniendo el 1-2.<\/p>\n<p>Buena reacci\u00f3n del Cadete A que lo intent\u00f3 hasta el final, busc\u00f3 con insistencia el empate y pudo lograrlo a bal\u00f3n parado por medio de Javito, pero al final el resultado no se movi\u00f3.<\/p>\n<p>Manu Pel\u00e1ez: \u201cNos vamos jodidos por el resultado, pero orgullosos de nuestros jugadores que lo han intentado hasta el final y esa es la actitud. Al final del partido la mayor\u00eda estaban desolados en el vestuario y en parte \u201cnos alegra\u201d ver que est\u00e1s derrota les duelen y que quieren no solo ganar, sino mejorar&#8230; bajo mi punto de vista, merecimos puntuar, pero as\u00ed es el f\u00fatbol&#8230;volveremos el martes a los entrenamientos con m\u00e1s gana si cabe!!\u201d<\/p>\n","protected":false},"excerpt":{"rendered":"<p>Derrota del Cadet A per 1-2 davant la FE Palam\u00f3s, els blaus van lluitar fins al xiulet final per sumar algun punt. Un Palam\u00f3s molt f\u00edsic i amb les idees molt clares visitava al Municipal, un bon equip que a m\u00e9s de la gran envergadura dels seus jugadors va saber jugar b\u00e9 les seves armes. [&hellip;]<\/p>\n","protected":false},"author":1,"featured_media":21009,"comment_status":"closed","ping_status":"closed","sticky":false,"template":"","format":"standard","meta":{"footnotes":""},"categories":[4,7],"tags":[],"class_list":["post-25601","post","type-post","status-publish","format-standard","has-post-thumbnail","hentry","category-base-inclusiu","category-cadets"],"_links":{"self":[{"href":"http:\/\/fegrama.cat\/web\/wp-json\/wp\/v2\/posts\/25601","targetHints":{"allow":["GET"]}}],"collection":[{"href":"http:\/\/fegrama.cat\/web\/wp-json\/wp\/v2\/posts"}],"about":[{"href":"http:\/\/fegrama.cat\/web\/wp-json\/wp\/v2\/types\/post"}],"author":[{"embeddable":true,"href":"http:\/\/fegrama.cat\/web\/wp-json\/wp\/v2\/users\/1"}],"replies":[{"embeddable":true,"href":"http:\/\/fegrama.cat\/web\/wp-json\/wp\/v2\/comments?post=25601"}],"version-history":[{"count":1,"href":"http:\/\/fegrama.cat\/web\/wp-json\/wp\/v2\/posts\/25601\/revisions"}],"predecessor-version":[{"id":25609,"href":"http:\/\/fegrama.cat\/web\/wp-json\/wp\/v2\/posts\/25601\/revisions\/25609"}],"wp:featuredmedia":[{"embeddable":true,"href":"http:\/\/fegrama.cat\/web\/wp-json\/wp\/v2\/media\/21009"}],"wp:attachment":[{"href":"http:\/\/fegrama.cat\/web\/wp-json\/wp\/v2\/media?parent=25601"}],"wp:term":[{"taxonomy":"category","embeddable":true,"href":"http:\/\/fegrama.cat\/web\/wp-json\/wp\/v2\/categories?post=25601"},{"taxonomy":"post_tag","embeddable":true,"href":"http:\/\/fegrama.cat\/web\/wp-json\/wp\/v2\/tags?post=25601"}],"curies":[{"name":"wp","href":"https:\/\/api.w.org\/{rel}","templated":true}]}}