{"id":25599,"date":"2018-10-21T20:09:57","date_gmt":"2018-10-21T19:09:57","guid":{"rendered":"http:\/\/fegrama.cat\/web\/?p=25599"},"modified":"2018-10-21T20:09:57","modified_gmt":"2018-10-21T19:09:57","slug":"injusta-derrota-del-cadet-b","status":"publish","type":"post","link":"http:\/\/fegrama.cat\/web\/injusta-derrota-del-cadet-b\/","title":{"rendered":"Injusta derrota del Cadet B"},"content":{"rendered":"<p>El Cadet B va patir una derrota molt dura per 1-0 davant el CF Lloreda.<\/p>\n<p>Partit lleig, el Lloreda es defensava amb molta gent i la Grama no va entendre el joc. Primera meitat dolenta de tots dos equips. Nom\u00e9s comen\u00e7ar Ra\u00fal tindria una oportunitat clara de gol que no va aconseguir encertar i en la mateixa jugada un penal molt clar a Ra\u00fal no xiulat.<\/p>\n<p>A la segona meitat la Grama va millorar en la pressi\u00f3, van jugar sempre en camp contrari i van tenir oportunitats per avan\u00e7ar-se al marcador. En un contraatac va arribar el 1-0, la primera vegada que van arribar amb claredat i el gol.<\/p>\n<p>Dani Anguita: \u00abUna altra derrota, \u00e9s incre\u00efble aquest comen\u00e7ament de curs, vam fer una gran pretemporada guanyant a equips de Preferent. Bon primer partit i despr\u00e9s han arribat els dubtes que deixen a la plantilla com tenallada pels resultats, nerviosos. El treball setmanal \u00e9s bo per\u00f2 despr\u00e9s no vam encertar de cara a gol. l&#8217;equip est\u00e0 molt dolgut per\u00f2 ens aixecarem, no hi ha m\u00e9s!!!\u00bb<\/p>\n<p>[divider]<\/p>\n<p>El Cadete B sufri\u00f3 una derrota muy dura por 1-0 ante el CF Lloreda.<\/p>\n<p>Partido feo, el Lloreda se defend\u00eda con mucha gente y la Grama no entendi\u00f3 el juego. Primera mitad mala de ambos equipos. Nada m\u00e1s empezar Ra\u00fal tendr\u00eda una oportunidad clara de gol que no logr\u00f3 acertar y en la misma jugada un penalti muy claro a Ra\u00fal no pitado.<\/p>\n<p>En la segunda mitad la Grama mejor\u00f3 en la presi\u00f3n, jugaron siempre en campo contrario y tuvieron oportunidades para adelantarse en el marcador. En un contraataque lleg\u00f3 el 1-0, la primera vez que llegaron con claridad y el gol.<\/p>\n<p>Dani Anguita: \u00abOtra derrota, es incre\u00edble este comienzo de curso, hicimos una gran pretemporada ganando a equipos de Preferente. Buen primer partido y luego han llegado las dudas que dejan a la plantilla como atenazada por los resultados, nerviosos. El trabajo semanal es bueno pero luego no acertamos de cara a gol. el equipo est\u00e1 muy dolido pero nos levantaremos, no hay m\u00e1s!!!\u00bb<\/p>\n","protected":false},"excerpt":{"rendered":"<p>El Cadet B va patir una derrota molt dura per 1-0 davant el CF Lloreda. Partit lleig, el Lloreda es defensava amb molta gent i la Grama no va entendre el joc. Primera meitat dolenta de tots dos equips. Nom\u00e9s comen\u00e7ar Ra\u00fal tindria una oportunitat clara de gol que no va aconseguir encertar i en [&hellip;]<\/p>\n","protected":false},"author":1,"featured_media":22666,"comment_status":"closed","ping_status":"closed","sticky":false,"template":"","format":"standard","meta":{"footnotes":""},"categories":[4,7],"tags":[],"class_list":["post-25599","post","type-post","status-publish","format-standard","has-post-thumbnail","hentry","category-base-inclusiu","category-cadets"],"_links":{"self":[{"href":"http:\/\/fegrama.cat\/web\/wp-json\/wp\/v2\/posts\/25599","targetHints":{"allow":["GET"]}}],"collection":[{"href":"http:\/\/fegrama.cat\/web\/wp-json\/wp\/v2\/posts"}],"about":[{"href":"http:\/\/fegrama.cat\/web\/wp-json\/wp\/v2\/types\/post"}],"author":[{"embeddable":true,"href":"http:\/\/fegrama.cat\/web\/wp-json\/wp\/v2\/users\/1"}],"replies":[{"embeddable":true,"href":"http:\/\/fegrama.cat\/web\/wp-json\/wp\/v2\/comments?post=25599"}],"version-history":[{"count":1,"href":"http:\/\/fegrama.cat\/web\/wp-json\/wp\/v2\/posts\/25599\/revisions"}],"predecessor-version":[{"id":25600,"href":"http:\/\/fegrama.cat\/web\/wp-json\/wp\/v2\/posts\/25599\/revisions\/25600"}],"wp:featuredmedia":[{"embeddable":true,"href":"http:\/\/fegrama.cat\/web\/wp-json\/wp\/v2\/media\/22666"}],"wp:attachment":[{"href":"http:\/\/fegrama.cat\/web\/wp-json\/wp\/v2\/media?parent=25599"}],"wp:term":[{"taxonomy":"category","embeddable":true,"href":"http:\/\/fegrama.cat\/web\/wp-json\/wp\/v2\/categories?post=25599"},{"taxonomy":"post_tag","embeddable":true,"href":"http:\/\/fegrama.cat\/web\/wp-json\/wp\/v2\/tags?post=25599"}],"curies":[{"name":"wp","href":"https:\/\/api.w.org\/{rel}","templated":true}]}}