{"id":25596,"date":"2018-10-21T19:49:15","date_gmt":"2018-10-21T18:49:15","guid":{"rendered":"http:\/\/fegrama.cat\/web\/?p=25596"},"modified":"2018-10-21T19:49:15","modified_gmt":"2018-10-21T18:49:15","slug":"bon-partit-bona-victoria-del-cadet-c","status":"publish","type":"post","link":"http:\/\/fegrama.cat\/web\/bon-partit-bona-victoria-del-cadet-c\/","title":{"rendered":"Bon partit, bona vict\u00f2ria del Cadet C"},"content":{"rendered":"<p>El Cadet C va v\u00e8ncer 3-0 al CF Don Bosco.<\/p>\n<p>La Grama va comen\u00e7ar el partit de la millor manera possible al avan\u00e7ar-se en els primers minuts amb un gol de Negesso des de fora de l&#8217;\u00e0rea. Franco amb un gran colpeig des de fora de l&#8217;\u00e0rea augmentaria l&#8217;avantatge azulona abans d&#8217;arribar al descans.<\/p>\n<p>A la segona meitat la Grama va perdre el domini per\u00f2 van estar seriosos en tasques defensives. A la sortida d&#8217;un c\u00f3rner Alex va tancar la vict\u00f2ria local.<\/p>\n<p><a href=\"http:\/\/fegrama.cat\/web\/wp-content\/uploads\/2018\/10\/CC1819.jpeg\"><img loading=\"lazy\" decoding=\"async\" class=\"aligncenter size-large wp-image-25597\" src=\"http:\/\/fegrama.cat\/web\/wp-content\/uploads\/2018\/10\/CC1819-1024x768.jpeg\" alt=\"\" width=\"618\" height=\"464\" srcset=\"http:\/\/fegrama.cat\/web\/wp-content\/uploads\/2018\/10\/CC1819-1024x768.jpeg 1024w, http:\/\/fegrama.cat\/web\/wp-content\/uploads\/2018\/10\/CC1819-300x225.jpeg 300w, http:\/\/fegrama.cat\/web\/wp-content\/uploads\/2018\/10\/CC1819-768x576.jpeg 768w, http:\/\/fegrama.cat\/web\/wp-content\/uploads\/2018\/10\/CC1819.jpeg 1600w\" sizes=\"auto, (max-width: 618px) 100vw, 618px\" \/><\/a><\/p>\n<p>El Cadete C venci\u00f3 3-0 al CF Don Bosco.<\/p>\n<p>La Grama comenz\u00f3 el partido de la mejor manera posible al adelantarse en los primeros minutos con un gol de Negesso desde fuera del \u00e1rea. Franco con un gran golpeo desde fuera del \u00e1rea aumentar\u00eda la ventaja azulona antes de llegar al descanso.<\/p>\n<p>En la segunda mitad la Grama perdi\u00f3 el dominio pero estuvieron serios en tareas defensivas. A la salida de un c\u00f3rner Alex cerr\u00f3 la victoria local.<\/p>\n","protected":false},"excerpt":{"rendered":"<p>El Cadet C va v\u00e8ncer 3-0 al CF Don Bosco. La Grama va comen\u00e7ar el partit de la millor manera possible al avan\u00e7ar-se en els primers minuts amb un gol de Negesso des de fora de l&#8217;\u00e0rea. Franco amb un gran colpeig des de fora de l&#8217;\u00e0rea augmentaria l&#8217;avantatge azulona abans d&#8217;arribar al descans. A [&hellip;]<\/p>\n","protected":false},"author":1,"featured_media":25597,"comment_status":"closed","ping_status":"closed","sticky":false,"template":"","format":"standard","meta":{"footnotes":""},"categories":[4,7],"tags":[],"class_list":["post-25596","post","type-post","status-publish","format-standard","has-post-thumbnail","hentry","category-base-inclusiu","category-cadets"],"_links":{"self":[{"href":"http:\/\/fegrama.cat\/web\/wp-json\/wp\/v2\/posts\/25596","targetHints":{"allow":["GET"]}}],"collection":[{"href":"http:\/\/fegrama.cat\/web\/wp-json\/wp\/v2\/posts"}],"about":[{"href":"http:\/\/fegrama.cat\/web\/wp-json\/wp\/v2\/types\/post"}],"author":[{"embeddable":true,"href":"http:\/\/fegrama.cat\/web\/wp-json\/wp\/v2\/users\/1"}],"replies":[{"embeddable":true,"href":"http:\/\/fegrama.cat\/web\/wp-json\/wp\/v2\/comments?post=25596"}],"version-history":[{"count":1,"href":"http:\/\/fegrama.cat\/web\/wp-json\/wp\/v2\/posts\/25596\/revisions"}],"predecessor-version":[{"id":25598,"href":"http:\/\/fegrama.cat\/web\/wp-json\/wp\/v2\/posts\/25596\/revisions\/25598"}],"wp:featuredmedia":[{"embeddable":true,"href":"http:\/\/fegrama.cat\/web\/wp-json\/wp\/v2\/media\/25597"}],"wp:attachment":[{"href":"http:\/\/fegrama.cat\/web\/wp-json\/wp\/v2\/media?parent=25596"}],"wp:term":[{"taxonomy":"category","embeddable":true,"href":"http:\/\/fegrama.cat\/web\/wp-json\/wp\/v2\/categories?post=25596"},{"taxonomy":"post_tag","embeddable":true,"href":"http:\/\/fegrama.cat\/web\/wp-json\/wp\/v2\/tags?post=25596"}],"curies":[{"name":"wp","href":"https:\/\/api.w.org\/{rel}","templated":true}]}}