{"id":25594,"date":"2018-10-21T18:26:45","date_gmt":"2018-10-21T17:26:45","guid":{"rendered":"http:\/\/fegrama.cat\/web\/?p=25594"},"modified":"2018-10-21T18:26:45","modified_gmt":"2018-10-21T17:26:45","slug":"gran-victoria-del-cadet-e","status":"publish","type":"post","link":"http:\/\/fegrama.cat\/web\/gran-victoria-del-cadet-e\/","title":{"rendered":"Gran vict\u00f2ria del Cadet E"},"content":{"rendered":"<p>El Cadet E tornar a guanyar, aquest cop 0-4 davant el Cerro B.<\/p>\n<p>Dos estils diferents sobre el terreny de joc, els locals des de l&#8217;inici es van tancar enrere, ben replegats. La Grama es va topar davant un mur infranquejable, nom\u00e9s van arribar a la primera meitat dues vegades amb perill. Abans del descans en un gran contraatac Rayn inaugurava el marcador (0-1).<\/p>\n<p>A la segona meitat es va obrir una mica m\u00e9s el partit, el Tur\u00f3 va intentar sortir al contraatac sense perill davant d&#8217;una Gamma ben col\u00b7locada. A poc a poc van anar caient els gols blaus, dos m\u00e9s de Rayn i un de Quim de falta.<\/p>\n<p><a href=\"http:\/\/fegrama.cat\/web\/wp-content\/uploads\/2018\/10\/CE1819.jpeg\"><img loading=\"lazy\" decoding=\"async\" class=\"aligncenter size-large wp-image-25472\" src=\"http:\/\/fegrama.cat\/web\/wp-content\/uploads\/2018\/10\/CE1819-1024x768.jpeg\" alt=\"\" width=\"618\" height=\"464\" srcset=\"http:\/\/fegrama.cat\/web\/wp-content\/uploads\/2018\/10\/CE1819-1024x768.jpeg 1024w, http:\/\/fegrama.cat\/web\/wp-content\/uploads\/2018\/10\/CE1819-300x225.jpeg 300w, http:\/\/fegrama.cat\/web\/wp-content\/uploads\/2018\/10\/CE1819-768x576.jpeg 768w, http:\/\/fegrama.cat\/web\/wp-content\/uploads\/2018\/10\/CE1819.jpeg 1600w\" sizes=\"auto, (max-width: 618px) 100vw, 618px\" \/><\/a><\/p>\n<p>El Cadete E volvi\u00f3 a ganar, esta vez 0-4 ante el Cerro B.<\/p>\n<p>Dos estilos diferentes sobre el terreno de juego, los locales desde el inicio se encerraron atr\u00e1s, bien replegados. La Grama se top\u00f3 ante un muro infranqueable, solamente llegaron en la primera mitad dos veces con peligro. Antes del descanso en un gran contraataque Rayn inauguraba el marcador (0-1).<\/p>\n<p>En la segunda mitad se abri\u00f3 un poco m\u00e1s el partido, el Cerro intent\u00f3 salir al contragolpe sin peligro ante una Gama bien colocada. Poco a poco fueron cayendo los goles azules, dos m\u00e1s de Rayn y uno de Quim de falta.<\/p>\n","protected":false},"excerpt":{"rendered":"<p>El Cadet E tornar a guanyar, aquest cop 0-4 davant el Cerro B. Dos estils diferents sobre el terreny de joc, els locals des de l&#8217;inici es van tancar enrere, ben replegats. La Grama es va topar davant un mur infranquejable, nom\u00e9s van arribar a la primera meitat dues vegades amb perill. Abans del descans [&hellip;]<\/p>\n","protected":false},"author":1,"featured_media":25472,"comment_status":"closed","ping_status":"closed","sticky":false,"template":"","format":"standard","meta":{"footnotes":""},"categories":[4,7],"tags":[],"class_list":["post-25594","post","type-post","status-publish","format-standard","has-post-thumbnail","hentry","category-base-inclusiu","category-cadets"],"_links":{"self":[{"href":"http:\/\/fegrama.cat\/web\/wp-json\/wp\/v2\/posts\/25594","targetHints":{"allow":["GET"]}}],"collection":[{"href":"http:\/\/fegrama.cat\/web\/wp-json\/wp\/v2\/posts"}],"about":[{"href":"http:\/\/fegrama.cat\/web\/wp-json\/wp\/v2\/types\/post"}],"author":[{"embeddable":true,"href":"http:\/\/fegrama.cat\/web\/wp-json\/wp\/v2\/users\/1"}],"replies":[{"embeddable":true,"href":"http:\/\/fegrama.cat\/web\/wp-json\/wp\/v2\/comments?post=25594"}],"version-history":[{"count":1,"href":"http:\/\/fegrama.cat\/web\/wp-json\/wp\/v2\/posts\/25594\/revisions"}],"predecessor-version":[{"id":25595,"href":"http:\/\/fegrama.cat\/web\/wp-json\/wp\/v2\/posts\/25594\/revisions\/25595"}],"wp:featuredmedia":[{"embeddable":true,"href":"http:\/\/fegrama.cat\/web\/wp-json\/wp\/v2\/media\/25472"}],"wp:attachment":[{"href":"http:\/\/fegrama.cat\/web\/wp-json\/wp\/v2\/media?parent=25594"}],"wp:term":[{"taxonomy":"category","embeddable":true,"href":"http:\/\/fegrama.cat\/web\/wp-json\/wp\/v2\/categories?post=25594"},{"taxonomy":"post_tag","embeddable":true,"href":"http:\/\/fegrama.cat\/web\/wp-json\/wp\/v2\/tags?post=25594"}],"curies":[{"name":"wp","href":"https:\/\/api.w.org\/{rel}","templated":true}]}}