{"id":25572,"date":"2018-10-21T17:11:39","date_gmt":"2018-10-21T16:11:39","guid":{"rendered":"http:\/\/fegrama.cat\/web\/?p=25572"},"modified":"2018-10-21T17:11:39","modified_gmt":"2018-10-21T16:11:39","slug":"resums-de-les-escoles-20-i-21-doctubre","status":"publish","type":"post","link":"http:\/\/fegrama.cat\/web\/resums-de-les-escoles-20-i-21-doctubre\/","title":{"rendered":"Resums de les Escoles (20 i 21 d\u2019octubre)"},"content":{"rendered":"<p><strong>ESCOLA A 4-5 FE Montgat<\/strong><\/p>\n<p>Els colomencs van estar bastant dispersos en una primera meitat en qu\u00e8 el rival va aprofitar la situaci\u00f3 per agafar avantatge en el marcador. A la segona meitat la Grama va estar molt b\u00e9 per\u00f2 ja era tard i nom\u00e9s van poder acostar-se al marcador. Van estar a prop de l&#8217;empat per\u00f2 finalment no van poder.<\/p>\n<p>Los colomenses estuvieron bastante dispersos en una primera mitad en la que el rival aprovech\u00f3 la situaci\u00f3n para coger ventaja en el marcador. En la segunda mitad la Grama estuvo muy bien pero ya era tarde y solo pudieron acercarse en el marcador. Estuvieron cerca del empate pero finalmente no pudieron.<\/p>\n<div class=\"divider\">\n<div class=\"divider\">\n<div class=\"clear\"><\/div>\n<p>[divider]<\/p><\/div>\n<\/div>\n<p><strong>ESCOLA B 3-11 Unificaci\u00f3n Llefi\u00e0 CF<\/strong><\/p>\n<p>Malgrat el volumin\u00f3s resultat la Grama va fer un bon partit. A poc a poc els m\u00e9s petits van aprenent.<\/p>\n<p>Pese al abultado resultado la Grama hizo un buen partido. Poco a poco los m\u00e1s peque\u00f1os van aprendiendo.<\/p>\n","protected":false},"excerpt":{"rendered":"<p>ESCOLA A 4-5 FE Montgat Els colomencs van estar bastant dispersos en una primera meitat en qu\u00e8 el rival va aprofitar la situaci\u00f3 per agafar avantatge en el marcador. A la segona meitat la Grama va estar molt b\u00e9 per\u00f2 ja era tard i nom\u00e9s van poder acostar-se al marcador. Van estar a prop de [&hellip;]<\/p>\n","protected":false},"author":1,"featured_media":0,"comment_status":"closed","ping_status":"closed","sticky":false,"template":"","format":"standard","meta":{"footnotes":""},"categories":[4,33],"tags":[],"class_list":["post-25572","post","type-post","status-publish","format-standard","hentry","category-base-inclusiu","category-escola-diari-feg"],"_links":{"self":[{"href":"http:\/\/fegrama.cat\/web\/wp-json\/wp\/v2\/posts\/25572","targetHints":{"allow":["GET"]}}],"collection":[{"href":"http:\/\/fegrama.cat\/web\/wp-json\/wp\/v2\/posts"}],"about":[{"href":"http:\/\/fegrama.cat\/web\/wp-json\/wp\/v2\/types\/post"}],"author":[{"embeddable":true,"href":"http:\/\/fegrama.cat\/web\/wp-json\/wp\/v2\/users\/1"}],"replies":[{"embeddable":true,"href":"http:\/\/fegrama.cat\/web\/wp-json\/wp\/v2\/comments?post=25572"}],"version-history":[{"count":1,"href":"http:\/\/fegrama.cat\/web\/wp-json\/wp\/v2\/posts\/25572\/revisions"}],"predecessor-version":[{"id":25573,"href":"http:\/\/fegrama.cat\/web\/wp-json\/wp\/v2\/posts\/25572\/revisions\/25573"}],"wp:attachment":[{"href":"http:\/\/fegrama.cat\/web\/wp-json\/wp\/v2\/media?parent=25572"}],"wp:term":[{"taxonomy":"category","embeddable":true,"href":"http:\/\/fegrama.cat\/web\/wp-json\/wp\/v2\/categories?post=25572"},{"taxonomy":"post_tag","embeddable":true,"href":"http:\/\/fegrama.cat\/web\/wp-json\/wp\/v2\/tags?post=25572"}],"curies":[{"name":"wp","href":"https:\/\/api.w.org\/{rel}","templated":true}]}}