{"id":25566,"date":"2018-10-21T16:54:25","date_gmt":"2018-10-21T15:54:25","guid":{"rendered":"http:\/\/fegrama.cat\/web\/?p=25566"},"modified":"2018-10-21T20:16:04","modified_gmt":"2018-10-21T19:16:04","slug":"resums-dels-equips-benjamins-20-i-21-doctubre","status":"publish","type":"post","link":"http:\/\/fegrama.cat\/web\/resums-dels-equips-benjamins-20-i-21-doctubre\/","title":{"rendered":"Resums dels equips Benjamins (20 i 21 d\u2019octubre)"},"content":{"rendered":"<p><strong>Unificaci\u00f3n Llefi\u00e0 6-2 BENJAM\u00cd A<\/strong><\/p>\n<p>En el primer minut la Grama es va avan\u00e7ar al marcador, un primer quart dominat per ells. A partir del segon quart els colomencs van baixar el ritme fins al punt d&#8217;arribar a veure remuntat 5-1. \u00daltims dues cambres per a la Grama per\u00f2 la difer\u00e8ncia en el marcador ja era molt gran.<\/p>\n<p>En el primer minuto la Grama se adelant\u00f3 en el marcador, un primer cuarto dominado por ellos. A partir del segundo cuarto los colomenses bajaron el ritmo hasta el punto de llegar a verse remontado 5-1. \u00daltimos dos cuartos para la Grama pero la diferencia en el marcador ya era muy grande.<\/p>\n<div class=\"divider\">\n<div class=\"divider\">\n<div class=\"divider\">\n<div class=\"divider\">\n<div class=\"divider\">[divider]<\/div>\n<\/div>\n<\/div>\n<\/div>\n<\/div>\n<p><strong>FC Santfeliuenc 3-3 BENJAM\u00cd B\u00a0<\/strong><\/p>\n<p>Partit de donar i rebre, molt intens en tots els quarts. Un empat just doncs qualsevol dels dos equips es podria haver endut la vict\u00f2ria. La Grama es va avan\u00e7ar al marcador per\u00f2 els locals van capgirar (2-1). M\u00e9s tard arribaria l&#8217;empat a dos. En l&#8217;\u00faltim quart el Santfeliuenc va marcar el 3-2 i abans del final la Grama va aconseguir l&#8217;empat.<\/p>\n<p>Partido de toma y daca, muy intenso en todos los cuartos. Un empate justo pues cualquiera de los dos equipos se podr\u00eda haber llevado la victoria. La Grama se adelant\u00f3 en el marcador pero los locales le dieron la vuelta (2-1). M\u00e1s tarde llegar\u00eda el empate a dos. En el \u00faltimo cuarto el Santfeliuenc marc\u00f3 el 3-2 y antes del final la Grama consigui\u00f3 el empate.<\/p>\n<div>\n<div class=\"clear\">\n<div class=\"divider\"><a href=\"http:\/\/fegrama.cat\/web\/wp-content\/uploads\/2018\/09\/BC.jpeg\"><img loading=\"lazy\" decoding=\"async\" class=\"aligncenter size-large wp-image-25302\" src=\"http:\/\/fegrama.cat\/web\/wp-content\/uploads\/2018\/09\/BC-1024x768.jpeg\" sizes=\"auto, (max-width: 618px) 100vw, 618px\" srcset=\"http:\/\/fegrama.cat\/web\/wp-content\/uploads\/2018\/09\/BC-1024x768.jpeg 1024w, http:\/\/fegrama.cat\/web\/wp-content\/uploads\/2018\/09\/BC-300x225.jpeg 300w, http:\/\/fegrama.cat\/web\/wp-content\/uploads\/2018\/09\/BC-768x576.jpeg 768w, http:\/\/fegrama.cat\/web\/wp-content\/uploads\/2018\/09\/BC.jpeg 1600w\" alt=\"\" width=\"618\" height=\"464\" \/><\/a><\/div>\n<\/div>\n<\/div>\n<p><strong>EF Matar\u00f3 D 5-10 BENJAM\u00cd C<\/strong><\/p>\n<p>Quarta vict\u00f2ria consecutiva de la Grama, aquest cop en un camp molt complicat i contra un rival que malgrat l&#8217;inici complicat donar\u00e0 molt que parlar. Partit completament dominat a favor de la Grama, mantenint la possessi\u00f3 en tot moment i generant moltes ocasions clares. Els locals es van avan\u00e7ar despr\u00e9s d&#8217;un c\u00f3rner, per\u00f2 la Grama va saber sobreposar-se i revertir la situaci\u00f3 per acabar remuntant amb un contundent 5-10.<\/p>\n<p>Cuarta victoria consecutiva de la Grama, esta vez en un campo muy complicado y contra un rival que pese al inicio complicado dar\u00e1 mucho que hablar. Partido completamente dominado a favor de la Grama, manteniendo la posesi\u00f3n en todo momento y generando muchas ocasiones claras. Los locales se avanzaron tras un corner, pero la Grama supo sobreponerse y revertir la situaci\u00f3n para acabar remontando con un contundente 5-10.<\/p>\n<div class=\"divider\">\n<div class=\"divider\">\n<div class=\"divider\">[divider]<\/div>\n<\/div>\n<\/div>\n<p><strong>CF Monta\u00f1esa D 4-2 BENJAM\u00cd D<\/strong><\/p>\n<p>Resultat injust la Grama des del primer minut va sortir decidida a pel partit. 4 pilotes a\u00efllats van fer sumar els 4 gols locals. La Grama va seguir atacant i aix\u00ed van aconseguir els seus dos gols. Despr\u00e9s de posar-4-2 els colomencs van fer un setge constant a la porteria de la Monta\u00f1esa per\u00f2 sense sort.<\/p>\n<p>Resultado injusto la Grama desde el primer minuto sali\u00f3 decidida a por el partido. 4 balones aislados hicieron sumar los 4 goles locales. La Grama sigui\u00f3 atacando y as\u00ed consiguieron sus dos goles. Tras ponerse 4-2 los colomenses hicieron un asedio constante a la porter\u00eda de la Monta\u00f1esa pero sin suerte.<\/p>\n<div class=\"clear\">\n<div class=\"clear\">\n<div class=\"clear\">\n<div class=\"clear\">\n<div class=\"clear\">\n<div class=\"clear\">\n<div class=\"divider\">\n<div class=\"clear\">\n<div class=\"clear\">\n<div class=\"clear\">\n<div class=\"clear\">\n<div class=\"divider\"><a href=\"http:\/\/fegrama.cat\/web\/wp-content\/uploads\/2018\/09\/BE1819.jpeg\"><img loading=\"lazy\" decoding=\"async\" class=\"aligncenter size-large wp-image-25213\" src=\"http:\/\/fegrama.cat\/web\/wp-content\/uploads\/2018\/09\/BE1819-1024x760.jpeg\" sizes=\"auto, (max-width: 618px) 100vw, 618px\" srcset=\"http:\/\/fegrama.cat\/web\/wp-content\/uploads\/2018\/09\/BE1819-1024x760.jpeg 1024w, http:\/\/fegrama.cat\/web\/wp-content\/uploads\/2018\/09\/BE1819-300x223.jpeg 300w, http:\/\/fegrama.cat\/web\/wp-content\/uploads\/2018\/09\/BE1819-768x570.jpeg 768w, http:\/\/fegrama.cat\/web\/wp-content\/uploads\/2018\/09\/BE1819.jpeg 1600w\" alt=\"\" width=\"618\" height=\"459\" \/><\/a><\/div>\n<\/div>\n<\/div>\n<\/div>\n<\/div>\n<\/div>\n<\/div>\n<\/div>\n<\/div>\n<\/div>\n<\/div>\n<\/div>\n<p><strong>Unificaci\u00f3n Llefi\u00e0 E 6-2 BENJAM\u00cd E<\/strong><\/p>\n<p>Bon partit de la Grama per\u00f2 amb poc encert de cara a porteria gr\u00e0cies a la gran actuaci\u00f3 del porter rival que va parar infinitat de xuts a porta dels colomencs. Els visitants van comen\u00e7ar aviat amb el marcador en contra i durant tot el joc van anar a remolc.<\/p>\n<p>Buen partido de la Grama pero con poco acierto de cara a porter\u00eda gracias a la gran actuaci\u00f3n del portero rival que par\u00f3 infinidad de chutes a puerta de los colomenses. Los visitantes empezaron pronto con el marcador en contra y durante todo el juego fueron a remolque.<\/p>\n<div class=\"divider\">\n<div class=\"divider\">[divider]<\/div>\n<\/div>\n<p><strong>BENJAM\u00cd F 1-8 FF Badalona F<\/strong><\/p>\n<p>Partit molt complicat el que va tenir la Grama davant un rival que va ser superior. Els jugadors locals van lluitar fins al final per\u00f2 sense fortuna. El Badalona va guanyar la partida al centre del camp.<\/p>\n<p>Partido muy complicado el que tuvo la Grama ante un rival que fue superior. Los jugadores locales lucharon hasta el final pero sin fortuna. El Badalona gan\u00f3 la partida en el centro del campo.<\/p>\n","protected":false},"excerpt":{"rendered":"<p>Unificaci\u00f3n Llefi\u00e0 6-2 BENJAM\u00cd A En el primer minut la Grama es va avan\u00e7ar al marcador, un primer quart dominat per ells. A partir del segon quart els colomencs van baixar el ritme fins al punt d&#8217;arribar a veure remuntat 5-1. \u00daltims dues cambres per a la Grama per\u00f2 la difer\u00e8ncia en el marcador ja [&hellip;]<\/p>\n","protected":false},"author":1,"featured_media":5908,"comment_status":"closed","ping_status":"closed","sticky":false,"template":"","format":"standard","meta":{"footnotes":""},"categories":[4,11],"tags":[],"class_list":["post-25566","post","type-post","status-publish","format-standard","has-post-thumbnail","hentry","category-base-inclusiu","category-benjamins"],"_links":{"self":[{"href":"http:\/\/fegrama.cat\/web\/wp-json\/wp\/v2\/posts\/25566","targetHints":{"allow":["GET"]}}],"collection":[{"href":"http:\/\/fegrama.cat\/web\/wp-json\/wp\/v2\/posts"}],"about":[{"href":"http:\/\/fegrama.cat\/web\/wp-json\/wp\/v2\/types\/post"}],"author":[{"embeddable":true,"href":"http:\/\/fegrama.cat\/web\/wp-json\/wp\/v2\/users\/1"}],"replies":[{"embeddable":true,"href":"http:\/\/fegrama.cat\/web\/wp-json\/wp\/v2\/comments?post=25566"}],"version-history":[{"count":3,"href":"http:\/\/fegrama.cat\/web\/wp-json\/wp\/v2\/posts\/25566\/revisions"}],"predecessor-version":[{"id":25604,"href":"http:\/\/fegrama.cat\/web\/wp-json\/wp\/v2\/posts\/25566\/revisions\/25604"}],"wp:featuredmedia":[{"embeddable":true,"href":"http:\/\/fegrama.cat\/web\/wp-json\/wp\/v2\/media\/5908"}],"wp:attachment":[{"href":"http:\/\/fegrama.cat\/web\/wp-json\/wp\/v2\/media?parent=25566"}],"wp:term":[{"taxonomy":"category","embeddable":true,"href":"http:\/\/fegrama.cat\/web\/wp-json\/wp\/v2\/categories?post=25566"},{"taxonomy":"post_tag","embeddable":true,"href":"http:\/\/fegrama.cat\/web\/wp-json\/wp\/v2\/tags?post=25566"}],"curies":[{"name":"wp","href":"https:\/\/api.w.org\/{rel}","templated":true}]}}