{"id":25564,"date":"2018-10-21T16:35:27","date_gmt":"2018-10-21T15:35:27","guid":{"rendered":"http:\/\/fegrama.cat\/web\/?p=25564"},"modified":"2018-10-21T20:12:30","modified_gmt":"2018-10-21T19:12:30","slug":"resums-dels-equips-alevins-20-i-21-doctubre","status":"publish","type":"post","link":"http:\/\/fegrama.cat\/web\/resums-dels-equips-alevins-20-i-21-doctubre\/","title":{"rendered":"Resums dels equips Alevins (20 i 21 d\u2019octubre)"},"content":{"rendered":"<p><strong>ALEV\u00cd A 3-1 CF Damm C<\/strong><\/p>\n<p>Partit molt intens on en qu\u00e8 tots dos equips movien la pilota molt r\u00e0pid. La Grama es va avan\u00e7ar al marcador per partida doble amb gols de Cristi\u00e1n i Josep, mentre a porteria Lenny ho va parar tot. En el segon quart Hugo faria el 3-0, la t\u00f2nica va seguir sent la mateixa fins que amb el pas dels minuts la Damm va comen\u00e7ar a funcionar millor i crear m\u00e9s arribades evitades per Lenny, la defensa i els pals fins que abans del descans va arribar el 3-1. Tercer quart on la Grama va saber patir el joc directe del rival i en l&#8217;\u00faltim vam veure un joc intens de tu a tu amb els colomencs amb un puntet m\u00e9s de control. Un bon treball defensiu per endur-se la vict\u00f2ria.<\/p>\n<p>Partido muy intenso donde en el que ambos equipos mov\u00edan el bal\u00f3n muy r\u00e1pido. La Grama se adelant\u00f3 en el marcador por partida doble con goles de Cristi\u00e1n y Jos\u00e9, mientras en porter\u00eda Lenny lo par\u00f3 todo. En el segundo cuarto Hugo har\u00eda el 3-0, la t\u00f3nica sigui\u00f3 siendo la misma hasta que con el paso de los minutos la Damm empez\u00f3 a funcionar mejor y crear m\u00e1s llegadas evitadas por Lenny, la defensa y los palos hasta que antes del descanso lleg\u00f3 el 3-1. Tercer cuarto donde la Grama supo sufrir el juego directo del rival y en el \u00faltimo vimos un juego intenso de t\u00fa a t\u00fa con los colomenses con un puntito m\u00e1s de control. Un buen trabajo defensivo para llevarse la victoria.<\/p>\n<div class=\"divider\"><a href=\"http:\/\/fegrama.cat\/web\/wp-content\/uploads\/2018\/09\/AB1819.jpeg\"><img loading=\"lazy\" decoding=\"async\" class=\"aligncenter wp-image-25220\" src=\"http:\/\/fegrama.cat\/web\/wp-content\/uploads\/2018\/09\/AB1819-1024x633.jpeg\" sizes=\"auto, (max-width: 414px) 100vw, 414px\" srcset=\"http:\/\/fegrama.cat\/web\/wp-content\/uploads\/2018\/09\/AB1819-1024x633.jpeg 1024w, http:\/\/fegrama.cat\/web\/wp-content\/uploads\/2018\/09\/AB1819-300x185.jpeg 300w, http:\/\/fegrama.cat\/web\/wp-content\/uploads\/2018\/09\/AB1819-768x475.jpeg 768w, http:\/\/fegrama.cat\/web\/wp-content\/uploads\/2018\/09\/AB1819.jpeg 1079w\" alt=\"\" width=\"414\" height=\"256\" \/><\/a><\/div>\n<p><strong>ALEV\u00cd B 7-1 Aqua Hotel B<\/strong><\/p>\n<p>Gran partit de la Grama dominant de principi a fi cada un dels quarts. Partit seri\u00f3s, sense cometre errors i sent molt efectius. Blas amb un hat-trick, Xavier, Manel, Alex i Eric van marcar els gols d&#8217;una vict\u00f2ria que serveix a l&#8217;equip per agafar confian\u00e7a i seguir creixent.<\/p>\n<p>Gran partido de la Grama dominando de principio a fin cada uno de los cuartos. Partido serio, sin cometer errores y siendo muy efectivos. Blas con un hat-trick, Xavier, Manel, Alex y Eric marcaron los goles de una victoria que sirve al equipo para coger confianza y seguir creciendo.<\/p>\n<div class=\"divider\">[divider]<\/div>\n<p><strong>ALEV\u00cd C 4-4 FC Martinenc D<\/strong><\/p>\n<p>Partit de tu a tu on la Grama va desaprofitar fins a dues vegades un avantatge de dos gols que els haguessin perm\u00e8s sumar tres punts. Manuel i Omar van posar un 2-0 al marcador, Martinenc va retallar dist\u00e0ncies per\u00f2 un gol de Diego tornaria a posar a la Grama amb dos d&#8217;avantatge. Novament els visitants es van acostar en l&#8217;electr\u00f2nic i Manu posaria el 4-2. Malauradament el Martinenc va aconseguir empatar el xoc.<\/p>\n<p>Partido de t\u00fa a t\u00fa donde la Grama desaprovech\u00f3 hasta en dos ocasiones una ventaja de dos goles que les hubieran permitido sumar tres puntos. Manuel y Omar pusieron un 2-0 en el marcador, Martinenc recort\u00f3 distancias pero un gol de Diego volver\u00eda a poner a la Grama con dos de ventaja. Nuevamente los visitantes se acercaron en el electr\u00f3nico y Manu pondr\u00eda el 4-2. Desgraciadamente el Martinenc consigui\u00f3 empatar el choque.<\/p>\n<div class=\"divider\">\n<div class=\"divider\">\n<div class=\"divider\">\n<div class=\"divider\">\n<div class=\"divider\">[divider]<\/div>\n<\/div>\n<\/div>\n<\/div>\n<\/div>\n<p><strong>ALEV\u00cd D 1-8 Tecnofutbol CF<\/strong><\/p>\n<p>Al minut 4 els colomencs s&#8217;avan\u00e7aria en el marcador per\u00f2 el rival es va reposar al cop sent el protagonista del joc arribant al descans 1-4. Segona meitat en qu\u00e8 la Grama ho va intentar per\u00f2 el rival va ser millor.\u00a0Weleson: \u00abDerrota molt dura per\u00f2 no ens queda una altra que millora en molts aspectes i seguir per endavant, que segur que les vict\u00f2ries arribar\u00e0 molta for\u00e7a.\u00bb<\/p>\n<p>En el minuto 4 los colomenses se adelantar\u00eda en el marcador pero el rival se repuso al golpe siendo el protagonista del juego llegando al descanso 1-4. Segunda mitad en la que la Grama lo intent\u00f3 pero el rival fue mejor. Weleson: \u00abDerrota muy dura pero no nos queda otra que mejora en muchos aspectos y seguir para adelante, que seguro que las victorias llegar\u00e1 mucha fuerza.\u00bb<\/p>\n<div class=\"divider\">\n<div class=\"divider\">\n<div class=\"divider\">[divider]<\/div>\n<\/div>\n<\/div>\n<p><strong>CD Arrabal-Calaf de Gramenet C 0-13 ALEV\u00cd E<\/strong><\/p>\n<p>El derbi colomenc se&#8217;l va endur amb autoritat la FE Grama despr\u00e9s de fer un partit espectacular, sent molt superiors a un equip local que no va poder fer absolutament res. Arnau Monta\u00f1o va marcar 6 gols, Justin Valentin amb un doblet, Anthony tamb\u00e9 amb dos gols, Noah, Isaac i Marc van marcar els gols blaus en una golejada que va poder haver estat molt m\u00e9s gran si no la Grama no hagu\u00e9s frenat el ritme aterridor.<\/p>\n<p>El derbi colomense se lo llev\u00f3 con autoridad la FE Grama tras hacer un partido espectacular, siendo muy superiores a un equipo local que no pudo hacer absolutamente nada. Arnau Monta\u00f1o marc\u00f3 6 goles, Justin Valentin con un doblete, Anthony tambi\u00e9n con dos goles, Noah, Isaac y Marc marcaron los goles azules en una goleada que pudo haber sido mucho mayor si no la Grama no hubiera frenado el ritmo aterrador.<\/p>\n<div class=\"divider\">\n<div class=\"divider\">\n<div class=\"divider\">\n<div class=\"divider\">[divider]<\/div>\n<\/div>\n<\/div>\n<\/div>\n<p><strong>ALEV\u00cd F 8-5 PB Cinc Copes G<\/strong><\/p>\n<p>Partit per oblidar de la Grama tot i que van aconseguir sumar els 3 punts. Els colomencs es van confiar en exc\u00e9s fins al punt de donar molta vida al rival i patir. Un gran segon quart en el que van ser molt superiors els va servir per guanyar. Asier amb un hat-trick, Denis amb un doblet, \u00cdker, Samuel David i Ra\u00fal van marcar els gols.<\/p>\n<p>Partido para olvidar de la Grama a pesar de que consiguieron sumar los 3 puntos. Los colomenses se confiaron en exceso hasta el punto de dar mucha vida al rival y sufrir. Un gran segundo cuarto en el que fueron muy superiores les sirvi\u00f3 para ganar. Asier con un hat-trick, Denis con un doblete, \u00cdker, Samuel David y Ra\u00fal marcaron los goles.<\/p>\n<div class=\"divider\">\n<div class=\"divider\">[divider]<\/div>\n<\/div>\n<p><strong>Les Corts de Barcelona B 1-2 ALEV\u00cd G<\/strong><\/p>\n<p>Partit complicat de la Grama fora de casa en un camp entollat, en males condicions. Tot i aix\u00f2 els colomencs van dominar c\u00f2modament posant-0-2 amb gols de V\u00edctor i Cristian. A set minuts del final en un contraatac va arribar l&#8217;\u00fanic gol local. Vict\u00f2ria merescuda de la Grama.<\/p>\n<p>Partido complicado de la Grama fuera de casa en un campo encharcado, en malas condiciones. A pesar de eso los colomenses dominaron c\u00f3modamente poni\u00e9ndose 0-2 con goles de V\u00edctor y Cristian. A siete minutos del final en un contraataque lleg\u00f3 el \u00fanico gol local. Victoria merecida de la Grama.<\/p>\n","protected":false},"excerpt":{"rendered":"<p>ALEV\u00cd A 3-1 CF Damm C Partit molt intens on en qu\u00e8 tots dos equips movien la pilota molt r\u00e0pid. La Grama es va avan\u00e7ar al marcador per partida doble amb gols de Cristi\u00e1n i Josep, mentre a porteria Lenny ho va parar tot. En el segon quart Hugo faria el 3-0, la t\u00f2nica va [&hellip;]<\/p>\n","protected":false},"author":1,"featured_media":5890,"comment_status":"closed","ping_status":"closed","sticky":false,"template":"","format":"standard","meta":{"footnotes":""},"categories":[10,4],"tags":[],"class_list":["post-25564","post","type-post","status-publish","format-standard","has-post-thumbnail","hentry","category-alevins","category-base-inclusiu"],"_links":{"self":[{"href":"http:\/\/fegrama.cat\/web\/wp-json\/wp\/v2\/posts\/25564","targetHints":{"allow":["GET"]}}],"collection":[{"href":"http:\/\/fegrama.cat\/web\/wp-json\/wp\/v2\/posts"}],"about":[{"href":"http:\/\/fegrama.cat\/web\/wp-json\/wp\/v2\/types\/post"}],"author":[{"embeddable":true,"href":"http:\/\/fegrama.cat\/web\/wp-json\/wp\/v2\/users\/1"}],"replies":[{"embeddable":true,"href":"http:\/\/fegrama.cat\/web\/wp-json\/wp\/v2\/comments?post=25564"}],"version-history":[{"count":4,"href":"http:\/\/fegrama.cat\/web\/wp-json\/wp\/v2\/posts\/25564\/revisions"}],"predecessor-version":[{"id":25603,"href":"http:\/\/fegrama.cat\/web\/wp-json\/wp\/v2\/posts\/25564\/revisions\/25603"}],"wp:featuredmedia":[{"embeddable":true,"href":"http:\/\/fegrama.cat\/web\/wp-json\/wp\/v2\/media\/5890"}],"wp:attachment":[{"href":"http:\/\/fegrama.cat\/web\/wp-json\/wp\/v2\/media?parent=25564"}],"wp:term":[{"taxonomy":"category","embeddable":true,"href":"http:\/\/fegrama.cat\/web\/wp-json\/wp\/v2\/categories?post=25564"},{"taxonomy":"post_tag","embeddable":true,"href":"http:\/\/fegrama.cat\/web\/wp-json\/wp\/v2\/tags?post=25564"}],"curies":[{"name":"wp","href":"https:\/\/api.w.org\/{rel}","templated":true}]}}