{"id":25430,"date":"2018-10-10T15:16:18","date_gmt":"2018-10-10T14:16:18","guid":{"rendered":"http:\/\/fegrama.cat\/web\/?p=25430"},"modified":"2018-10-10T15:16:18","modified_gmt":"2018-10-10T14:16:18","slug":"previes-dels-equips-femenins-13-i-14-doctubre","status":"publish","type":"post","link":"http:\/\/fegrama.cat\/web\/previes-dels-equips-femenins-13-i-14-doctubre\/","title":{"rendered":"Pr\u00e8vies dels equips Femenins (13 i 14 d\u2019octubre)"},"content":{"rendered":"<p><strong>JUVENIL A<\/strong><\/p>\n<p>Les noies de Jordi Clar\u00e9s juguen diumenge a les 17:45 hores al Municipal de la Grama davant la Fundaci\u00f3 UE Cornell\u00e0 B.<\/p>\n<p>Las chicas de\u00a0Jordi Clar\u00e9s juegan el domingo a las 17:45 horas en el\u00a0Municipal de la Grama ante la Fundaci\u00f3 UE Cornell\u00e0 B.<\/p>\n<p>[divider]<\/p>\n<p><strong>JUVENIL B<\/strong><\/p>\n<p>L\u2019equip d\u2019Eva De La Fuente juga dissabte a les 19:45 hores al Municipal Antoni Serra i Pujol davant l&#8217;EF Barber\u00e0 Andaluc\u00eda.<\/p>\n<p>El equipo de Eva De La Fuente juega el s\u00e1bado a las 19:45 horas en el Municipal Antoni Serra i Pujol ante la EF Barber\u00e0 Andaluc\u00eda.<\/p>\n<div class=\"clear\">[divider]<\/div>\n<div><\/div>\n<div class=\"clear\"><strong>INFANTIL A<\/strong><\/div>\n<div class=\"divider\">\n<p>La Grama juga dissabte a les 12:45 hores al Municipal Menorca davant del Sant Jordi CE.<\/p>\n<p>La Grama juega el s\u00e1bado a las 12:45 horas en el Municipal Menorca ante el Sant Jordi CE.<\/p>\n<p>[divider]<\/p>\n<\/div>\n<div><strong>INFANTIL B<\/strong><\/div>\n<p>L\u2019equip de Rub\u00e9n juga dissabte a les 14:15 hores al Municipal de Les Oliveres davant del Sant Jordi B.<\/p>\n<p>El equipo de Rub\u00e9n juega el s\u00e1bado a las 14:15 horas en el Municipal de Les Oliveres ante el Sant Jordi B.<\/p>\n","protected":false},"excerpt":{"rendered":"<p>JUVENIL A Les noies de Jordi Clar\u00e9s juguen diumenge a les 17:45 hores al Municipal de la Grama davant la Fundaci\u00f3 UE Cornell\u00e0 B. Las chicas de\u00a0Jordi Clar\u00e9s juegan el domingo a las 17:45 horas en el\u00a0Municipal de la Grama ante la Fundaci\u00f3 UE Cornell\u00e0 B. [divider] JUVENIL B L\u2019equip d\u2019Eva De La Fuente juga [&hellip;]<\/p>\n","protected":false},"author":1,"featured_media":15519,"comment_status":"closed","ping_status":"closed","sticky":false,"template":"","format":"standard","meta":{"footnotes":""},"categories":[4,13],"tags":[],"class_list":["post-25430","post","type-post","status-publish","format-standard","has-post-thumbnail","hentry","category-base-inclusiu","category-femeni"],"_links":{"self":[{"href":"http:\/\/fegrama.cat\/web\/wp-json\/wp\/v2\/posts\/25430","targetHints":{"allow":["GET"]}}],"collection":[{"href":"http:\/\/fegrama.cat\/web\/wp-json\/wp\/v2\/posts"}],"about":[{"href":"http:\/\/fegrama.cat\/web\/wp-json\/wp\/v2\/types\/post"}],"author":[{"embeddable":true,"href":"http:\/\/fegrama.cat\/web\/wp-json\/wp\/v2\/users\/1"}],"replies":[{"embeddable":true,"href":"http:\/\/fegrama.cat\/web\/wp-json\/wp\/v2\/comments?post=25430"}],"version-history":[{"count":1,"href":"http:\/\/fegrama.cat\/web\/wp-json\/wp\/v2\/posts\/25430\/revisions"}],"predecessor-version":[{"id":25431,"href":"http:\/\/fegrama.cat\/web\/wp-json\/wp\/v2\/posts\/25430\/revisions\/25431"}],"wp:featuredmedia":[{"embeddable":true,"href":"http:\/\/fegrama.cat\/web\/wp-json\/wp\/v2\/media\/15519"}],"wp:attachment":[{"href":"http:\/\/fegrama.cat\/web\/wp-json\/wp\/v2\/media?parent=25430"}],"wp:term":[{"taxonomy":"category","embeddable":true,"href":"http:\/\/fegrama.cat\/web\/wp-json\/wp\/v2\/categories?post=25430"},{"taxonomy":"post_tag","embeddable":true,"href":"http:\/\/fegrama.cat\/web\/wp-json\/wp\/v2\/tags?post=25430"}],"curies":[{"name":"wp","href":"https:\/\/api.w.org\/{rel}","templated":true}]}}