{"id":25416,"date":"2018-10-07T22:27:09","date_gmt":"2018-10-07T21:27:09","guid":{"rendered":"http:\/\/fegrama.cat\/web\/?p=25416"},"modified":"2018-10-07T22:27:09","modified_gmt":"2018-10-07T21:27:09","slug":"gran-empat-del-cadet-a","status":"publish","type":"post","link":"http:\/\/fegrama.cat\/web\/gran-empat-del-cadet-a\/","title":{"rendered":"Gran empat del Cadet A"},"content":{"rendered":"<p>Bon partit del Cadet A que va sumar un punt (1-1) davant el CE Sabadell FC.<\/p>\n<p>La primera part s&#8217;iniciava amb un Sabadell superior, que dominava a la Fundaci\u00f3 i que errava el primer gol fins a dues ocasions clares, ben aturades pel porter local Pere. A poc a poc aquest domini es va anar igualant i els blaus acabaven la primera meitat apropant-se al a\u00e8ria visitant. Amb 0-0 s&#8217;arribava al descans.<\/p>\n<p>A la represa, es va equilibrar el partit, la Grama a trav\u00e9s de transicions r\u00e0pides sotjava la porteria del Sabadell i en el minut 58 Yago enviava un xut des de la frontal al travesser. Poc despr\u00e9s en el 74, a la sortida d&#8217;un c\u00f3rner, Aleix Tiburcio de cap posava el 1-0 en el llumin\u00f3s.<\/p>\n<p>L&#8217;equip visitant va reaccionar r\u00e0pid i es va bolcar en ell \u00e0rea de la Grama, de nou Sabadell no encertava en la rematada final, i un cop la gran actuaci\u00f3 de Pere i una altra el pal donaven la possibilitat de que els 3 punts es quedessin a casa. Per\u00f2 quan tot semblava decidit, en una falta al mig camp el Sabadell feia pujar a tots els seus efectius a la rematada i el porter visitant penjava una pilota a l&#8217;\u00e0rea que era rematat per un davanter arlequinat que posava les taules en el marcador.<\/p>\n<p>Manu Pel\u00e1ez: \u00abLl\u00e0stima que vam estar a 1 minut de que els 3 punts es quedessin a casa davant un rival que acab\u00e9s lluitant per estar en els llocs de dalt. Una de les coses m\u00e9s positives \u00e9s que despr\u00e9s de la derrota de la setmana anterior, on no vam estar del tot b\u00e9, hem sabut refer-r\u00e0pid com a equip i tornar a la nostra din\u00e0mica de treball.\u00bb<\/p>\n<p><a href=\"http:\/\/fegrama.cat\/web\/wp-content\/uploads\/2018\/10\/WhatsApp-Image-2018-10-07-at-12.08.41.jpeg\"><img loading=\"lazy\" decoding=\"async\" class=\"aligncenter  wp-image-25417\" src=\"http:\/\/fegrama.cat\/web\/wp-content\/uploads\/2018\/10\/WhatsApp-Image-2018-10-07-at-12.08.41-682x1024.jpeg\" alt=\"\" width=\"434\" height=\"652\" srcset=\"http:\/\/fegrama.cat\/web\/wp-content\/uploads\/2018\/10\/WhatsApp-Image-2018-10-07-at-12.08.41-682x1024.jpeg 682w, http:\/\/fegrama.cat\/web\/wp-content\/uploads\/2018\/10\/WhatsApp-Image-2018-10-07-at-12.08.41-200x300.jpeg 200w, http:\/\/fegrama.cat\/web\/wp-content\/uploads\/2018\/10\/WhatsApp-Image-2018-10-07-at-12.08.41-768x1153.jpeg 768w, http:\/\/fegrama.cat\/web\/wp-content\/uploads\/2018\/10\/WhatsApp-Image-2018-10-07-at-12.08.41.jpeg 1066w\" sizes=\"auto, (max-width: 434px) 100vw, 434px\" \/><\/a><\/p>\n<p>Buen partido del Cadete A que sum\u00f3 un punto (1-1) ante el CE Sabadell FC.<\/p>\n<p>La primera parte iniciaba con un Sabadell superior, que dominaba a la Fundaci\u00f3 y que erraba el primer gol hasta en dos ocasiones claras, bien atajadas por el portero local Pedro. Poco a poco ese dominio se fue igualando y los azules terminaban la primera mitad acerc\u00e1ndose al a\u00e9rea visitante. Con 0-0 se llegaba al descanso.<\/p>\n<p>En la reanudaci\u00f3n, se equilibr\u00f3 el partido, la Grama a trav\u00e9s de transiciones r\u00e1pidas acechaba la porter\u00eda del Sabadell y en el minuto 58 Yago enviaba un disparo desde la frontal al travesa\u00f1o. Poco despu\u00e9s en el 74, a la salida de un c\u00f3rner, Aleix Tiburcio de cabeza pon\u00eda el 1-0 en el luminoso.<\/p>\n<p>El equipo visitante reaccion\u00f3 r\u00e1pido y se volc\u00f3 en \u00e9l \u00e1rea de la Grama, de nuevo Sabadell no acertaba en el remate final, y una vez la gran actuaci\u00f3n de Pedro y otra el palo daban la posibilidad de que los 3 puntos se quedaran en casa. Pero cuando todo parec\u00eda decidido, en una falta en medio campo el Sabadell hac\u00eda subir a todos sus efectivos al remate y el portero visitante colgaba un bal\u00f3n al \u00e1rea que era rematado por un delantero arlequinado que pon\u00eda las tablas en el marcador.<\/p>\n<p>Manu Pel\u00e1ez: \u201cL\u00e1stima que estuvimos a 1 minuto de que los 3 puntos se quedaran en casa ante un rival que acabara luchando por estar en los puestos de arriba. Una de las cosas m\u00e1s positivas es que despu\u00e9s de la derrota de la semana anterior, donde no estuvimos del todo bien, hemos sabido reponernos r\u00e1pido como equipo y volver a nuestra din\u00e1mica de trabajo.\u201d<\/p>\n","protected":false},"excerpt":{"rendered":"<p>Bon partit del Cadet A que va sumar un punt (1-1) davant el CE Sabadell FC. La primera part s&#8217;iniciava amb un Sabadell superior, que dominava a la Fundaci\u00f3 i que errava el primer gol fins a dues ocasions clares, ben aturades pel porter local Pere. A poc a poc aquest domini es va anar [&hellip;]<\/p>\n","protected":false},"author":1,"featured_media":25417,"comment_status":"closed","ping_status":"closed","sticky":false,"template":"","format":"standard","meta":{"footnotes":""},"categories":[4,7],"tags":[],"class_list":["post-25416","post","type-post","status-publish","format-standard","has-post-thumbnail","hentry","category-base-inclusiu","category-cadets"],"_links":{"self":[{"href":"http:\/\/fegrama.cat\/web\/wp-json\/wp\/v2\/posts\/25416","targetHints":{"allow":["GET"]}}],"collection":[{"href":"http:\/\/fegrama.cat\/web\/wp-json\/wp\/v2\/posts"}],"about":[{"href":"http:\/\/fegrama.cat\/web\/wp-json\/wp\/v2\/types\/post"}],"author":[{"embeddable":true,"href":"http:\/\/fegrama.cat\/web\/wp-json\/wp\/v2\/users\/1"}],"replies":[{"embeddable":true,"href":"http:\/\/fegrama.cat\/web\/wp-json\/wp\/v2\/comments?post=25416"}],"version-history":[{"count":1,"href":"http:\/\/fegrama.cat\/web\/wp-json\/wp\/v2\/posts\/25416\/revisions"}],"predecessor-version":[{"id":25418,"href":"http:\/\/fegrama.cat\/web\/wp-json\/wp\/v2\/posts\/25416\/revisions\/25418"}],"wp:featuredmedia":[{"embeddable":true,"href":"http:\/\/fegrama.cat\/web\/wp-json\/wp\/v2\/media\/25417"}],"wp:attachment":[{"href":"http:\/\/fegrama.cat\/web\/wp-json\/wp\/v2\/media?parent=25416"}],"wp:term":[{"taxonomy":"category","embeddable":true,"href":"http:\/\/fegrama.cat\/web\/wp-json\/wp\/v2\/categories?post=25416"},{"taxonomy":"post_tag","embeddable":true,"href":"http:\/\/fegrama.cat\/web\/wp-json\/wp\/v2\/tags?post=25416"}],"curies":[{"name":"wp","href":"https:\/\/api.w.org\/{rel}","templated":true}]}}