{"id":25414,"date":"2018-10-07T22:22:55","date_gmt":"2018-10-07T21:22:55","guid":{"rendered":"http:\/\/fegrama.cat\/web\/?p=25414"},"modified":"2018-10-07T22:22:55","modified_gmt":"2018-10-07T21:22:55","slug":"derrota-del-cadet-b-que-va-fregar-lempat","status":"publish","type":"post","link":"http:\/\/fegrama.cat\/web\/derrota-del-cadet-b-que-va-fregar-lempat\/","title":{"rendered":"Derrota del Cadet B que va fregar l&#8217;empat"},"content":{"rendered":"<p>El Cadet B va ensopegar, 3-2, davant l&#8217;EE Brafa en un partit fluixet dels de Dani Anguita.<\/p>\n<p>Camp petit i molt dif\u00edcil per jugar al que sap la Grama. Despr\u00e9s de comen\u00e7ar perdent amb un gol molt matiner al minut 1, i seguidament el 2-0, els colomencs no estaven b\u00e9 sense rendir al seu nivell i van intentar canviar unes oques per\u00f2 el partit va seguir igual.<\/p>\n<p>Al descans van marxar 3-1 a baix. A la segona meitat la Grama va sortir amb molt\u00edssima intensitat fins a poder ficar el 3-2. A partir d&#8217;aqu\u00ed la pressi\u00f3 va augmentar, els colomencs van tancar en el seu camp al rival per\u00f2 malgrat generar molt\u00edssimes ocasions no van tenir sort i no van poder empatar.<\/p>\n<p>[divider]<\/p>\n<p>El Cadete B tropez\u00f3, 3-2, ante la EE Brafa en un partido flojito de los de Dani Anguita.<\/p>\n<p>Campo peque\u00f1o y muy dif\u00edcil para jugar a lo que sabe la Grama. Tras empezar perdiendo con un gol muy tempranero en el minuto 1, y seguidamente el 2-0, los colomenses no estaban bien sin rendir a su nivel e intentaron cambiar unas ocas pero el partido sigui\u00f3 igual.<\/p>\n<p>Al descanso se marcharon 3-1 abajo. En la segunda mitad la Grama sali\u00f3\u00a0con much\u00edsima intensidad hasta poder meter el 3-2. A partir de ah\u00ed la presi\u00f3n aument\u00f3, los colomenses encerraron en su campo al rival pero a pesar de generar much\u00edsimas ocasiones no tuvieron suerte y no pudieron empatar.<\/p>\n","protected":false},"excerpt":{"rendered":"<p>El Cadet B va ensopegar, 3-2, davant l&#8217;EE Brafa en un partit fluixet dels de Dani Anguita. Camp petit i molt dif\u00edcil per jugar al que sap la Grama. Despr\u00e9s de comen\u00e7ar perdent amb un gol molt matiner al minut 1, i seguidament el 2-0, els colomencs no estaven b\u00e9 sense rendir al seu nivell [&hellip;]<\/p>\n","protected":false},"author":1,"featured_media":6220,"comment_status":"closed","ping_status":"closed","sticky":false,"template":"","format":"standard","meta":{"footnotes":""},"categories":[4,7],"tags":[],"class_list":["post-25414","post","type-post","status-publish","format-standard","has-post-thumbnail","hentry","category-base-inclusiu","category-cadets"],"_links":{"self":[{"href":"http:\/\/fegrama.cat\/web\/wp-json\/wp\/v2\/posts\/25414","targetHints":{"allow":["GET"]}}],"collection":[{"href":"http:\/\/fegrama.cat\/web\/wp-json\/wp\/v2\/posts"}],"about":[{"href":"http:\/\/fegrama.cat\/web\/wp-json\/wp\/v2\/types\/post"}],"author":[{"embeddable":true,"href":"http:\/\/fegrama.cat\/web\/wp-json\/wp\/v2\/users\/1"}],"replies":[{"embeddable":true,"href":"http:\/\/fegrama.cat\/web\/wp-json\/wp\/v2\/comments?post=25414"}],"version-history":[{"count":1,"href":"http:\/\/fegrama.cat\/web\/wp-json\/wp\/v2\/posts\/25414\/revisions"}],"predecessor-version":[{"id":25415,"href":"http:\/\/fegrama.cat\/web\/wp-json\/wp\/v2\/posts\/25414\/revisions\/25415"}],"wp:featuredmedia":[{"embeddable":true,"href":"http:\/\/fegrama.cat\/web\/wp-json\/wp\/v2\/media\/6220"}],"wp:attachment":[{"href":"http:\/\/fegrama.cat\/web\/wp-json\/wp\/v2\/media?parent=25414"}],"wp:term":[{"taxonomy":"category","embeddable":true,"href":"http:\/\/fegrama.cat\/web\/wp-json\/wp\/v2\/categories?post=25414"},{"taxonomy":"post_tag","embeddable":true,"href":"http:\/\/fegrama.cat\/web\/wp-json\/wp\/v2\/tags?post=25414"}],"curies":[{"name":"wp","href":"https:\/\/api.w.org\/{rel}","templated":true}]}}