{"id":25411,"date":"2018-10-07T22:17:46","date_gmt":"2018-10-07T21:17:46","guid":{"rendered":"http:\/\/fegrama.cat\/web\/?p=25411"},"modified":"2018-10-07T22:17:46","modified_gmt":"2018-10-07T21:17:46","slug":"victoria-del-juvenil-a-al-descompte","status":"publish","type":"post","link":"http:\/\/fegrama.cat\/web\/victoria-del-juvenil-a-al-descompte\/","title":{"rendered":"Vict\u00f2ria del Juvenil A al descompte"},"content":{"rendered":"<p>El Juvenil A va recuperar el somriure en guanyar 1-0 al Vila Ol\u00edmpica CE, sumant aix\u00ed la tercera vict\u00f2ria de la temporada.<\/p>\n<p>Partit molt igualat en qu\u00e8 el pes del partit el van portar els colomencs. El rival es va plantar al terreny de joc molt ben col\u00b7locat i sortint r\u00e0pid a la contra. Primera meitat dominada pels locals per\u00f2 sense materialitzar les seves ocasions.<\/p>\n<p>Mateix gui\u00f3 en la segona meitat. El gol va arribar en el temps de descompte, obra de Bruno Villagrasa, encara que el partit es podria haver decantat per a la Grama molt abans.<\/p>\n<p style=\"text-align: right;\"><a href=\"http:\/\/fcf.cat\/es\/classificacio\/1819\/futbol-11\/preferent-juvenils\/grup-4\">CLASSIFICACI\u00d3<\/a><\/p>\n<p>[divider]<\/p>\n<p>El Juvenil A recuper\u00f3 la sonrisa al ganar 1-0 al Vila Ol\u00edmpica CE, sumando as\u00ed la tercera victoria de la temporada.<\/p>\n<p>Partido muy igualado en el que el peso del partido lo llevaron los colomenses. El rival se plant\u00f3 en el terreno de juego muy bien colocado y saliendo r\u00e1pido a la contra. Primera mitad dominada por los locales pero sin materializar sus ocasiones.<\/p>\n<p>Mismo gui\u00f3n en la segunda mitad.\u00a0El gol lleg\u00f3 en el tiempo de descuento, obra de Bruno Villagrasa, aunque el partido se podr\u00eda haber decantado para la Grama mucho antes.<\/p>\n","protected":false},"excerpt":{"rendered":"<p>El Juvenil A va recuperar el somriure en guanyar 1-0 al Vila Ol\u00edmpica CE, sumant aix\u00ed la tercera vict\u00f2ria de la temporada. Partit molt igualat en qu\u00e8 el pes del partit el van portar els colomencs. El rival es va plantar al terreny de joc molt ben col\u00b7locat i sortint r\u00e0pid a la contra. Primera [&hellip;]<\/p>\n","protected":false},"author":1,"featured_media":25322,"comment_status":"closed","ping_status":"closed","sticky":false,"template":"","format":"standard","meta":{"footnotes":""},"categories":[4,6],"tags":[],"class_list":["post-25411","post","type-post","status-publish","format-standard","has-post-thumbnail","hentry","category-base-inclusiu","category-juvenils"],"_links":{"self":[{"href":"http:\/\/fegrama.cat\/web\/wp-json\/wp\/v2\/posts\/25411","targetHints":{"allow":["GET"]}}],"collection":[{"href":"http:\/\/fegrama.cat\/web\/wp-json\/wp\/v2\/posts"}],"about":[{"href":"http:\/\/fegrama.cat\/web\/wp-json\/wp\/v2\/types\/post"}],"author":[{"embeddable":true,"href":"http:\/\/fegrama.cat\/web\/wp-json\/wp\/v2\/users\/1"}],"replies":[{"embeddable":true,"href":"http:\/\/fegrama.cat\/web\/wp-json\/wp\/v2\/comments?post=25411"}],"version-history":[{"count":2,"href":"http:\/\/fegrama.cat\/web\/wp-json\/wp\/v2\/posts\/25411\/revisions"}],"predecessor-version":[{"id":25413,"href":"http:\/\/fegrama.cat\/web\/wp-json\/wp\/v2\/posts\/25411\/revisions\/25413"}],"wp:featuredmedia":[{"embeddable":true,"href":"http:\/\/fegrama.cat\/web\/wp-json\/wp\/v2\/media\/25322"}],"wp:attachment":[{"href":"http:\/\/fegrama.cat\/web\/wp-json\/wp\/v2\/media?parent=25411"}],"wp:term":[{"taxonomy":"category","embeddable":true,"href":"http:\/\/fegrama.cat\/web\/wp-json\/wp\/v2\/categories?post=25411"},{"taxonomy":"post_tag","embeddable":true,"href":"http:\/\/fegrama.cat\/web\/wp-json\/wp\/v2\/tags?post=25411"}],"curies":[{"name":"wp","href":"https:\/\/api.w.org\/{rel}","templated":true}]}}