{"id":25409,"date":"2018-10-07T22:13:25","date_gmt":"2018-10-07T21:13:25","guid":{"rendered":"http:\/\/fegrama.cat\/web\/?p=25409"},"modified":"2018-10-07T22:13:25","modified_gmt":"2018-10-07T21:13:25","slug":"nova-victoria-de-linfantil-b","status":"publish","type":"post","link":"http:\/\/fegrama.cat\/web\/nova-victoria-de-linfantil-b\/","title":{"rendered":"Nova vict\u00f2ria de l&#8217;Infantil B"},"content":{"rendered":"<p>Segona vict\u00f2ria de l&#8217;Infantil B, aquest cop en la seva estrena a casa, a l&#8217;imposar 3-2 a la PB Barcino.<\/p>\n<p>Primera meitat on la Grama va ser superior al seu rival tot i encaixar a l&#8217;inici el 0-1. Els colomencs li van donar la volta al marcador amb gols de Mballo i Antonio Sebastian. A la segona meitat Alain va marcar el gol de la tranquil\u00b7litat i els locals van seguir dominant.<\/p>\n<p>En els \u00faltims compassos del xoc la Barcino va aprofitar una fallada defensiva per a ficar el 3-2. Fins al xiulet final la Grama es va defensar b\u00e9. Bon partit de la Grama, els jugadors cada vegada millor.<\/p>\n<p>[divider]<\/p>\n<p>Segunda victoria del Infantil B, esta vez en su estreno en casa, al imponerse 3-2 a la PB Barcino.<\/p>\n<p>Primera mitad donde la Grama fue superior a su rival pese a encajar al inicio el 0-1. Los colomenses le dieron la vuelta al marcador con goles de Mballo y Antonio Sebastian. En la segunda mitad Alain marc\u00f3 el gol de la tranquilidad y los locales siguieron dominando.<\/p>\n<p>En los \u00faltimos compases del choque la Barcino aprovech\u00f3 un fallo defensivo para meter el 3-2. Hasta el pitido final la Grama se defendi\u00f3 bien. Buen partido de la Grama, los jugadores cada vez mejor.<\/p>\n","protected":false},"excerpt":{"rendered":"<p>Segona vict\u00f2ria de l&#8217;Infantil B, aquest cop en la seva estrena a casa, a l&#8217;imposar 3-2 a la PB Barcino. Primera meitat on la Grama va ser superior al seu rival tot i encaixar a l&#8217;inici el 0-1. Els colomencs li van donar la volta al marcador amb gols de Mballo i Antonio Sebastian. A [&hellip;]<\/p>\n","protected":false},"author":1,"featured_media":7118,"comment_status":"closed","ping_status":"closed","sticky":false,"template":"","format":"standard","meta":{"footnotes":""},"categories":[4,9],"tags":[],"class_list":["post-25409","post","type-post","status-publish","format-standard","has-post-thumbnail","hentry","category-base-inclusiu","category-infantils"],"_links":{"self":[{"href":"http:\/\/fegrama.cat\/web\/wp-json\/wp\/v2\/posts\/25409","targetHints":{"allow":["GET"]}}],"collection":[{"href":"http:\/\/fegrama.cat\/web\/wp-json\/wp\/v2\/posts"}],"about":[{"href":"http:\/\/fegrama.cat\/web\/wp-json\/wp\/v2\/types\/post"}],"author":[{"embeddable":true,"href":"http:\/\/fegrama.cat\/web\/wp-json\/wp\/v2\/users\/1"}],"replies":[{"embeddable":true,"href":"http:\/\/fegrama.cat\/web\/wp-json\/wp\/v2\/comments?post=25409"}],"version-history":[{"count":1,"href":"http:\/\/fegrama.cat\/web\/wp-json\/wp\/v2\/posts\/25409\/revisions"}],"predecessor-version":[{"id":25410,"href":"http:\/\/fegrama.cat\/web\/wp-json\/wp\/v2\/posts\/25409\/revisions\/25410"}],"wp:featuredmedia":[{"embeddable":true,"href":"http:\/\/fegrama.cat\/web\/wp-json\/wp\/v2\/media\/7118"}],"wp:attachment":[{"href":"http:\/\/fegrama.cat\/web\/wp-json\/wp\/v2\/media?parent=25409"}],"wp:term":[{"taxonomy":"category","embeddable":true,"href":"http:\/\/fegrama.cat\/web\/wp-json\/wp\/v2\/categories?post=25409"},{"taxonomy":"post_tag","embeddable":true,"href":"http:\/\/fegrama.cat\/web\/wp-json\/wp\/v2\/tags?post=25409"}],"curies":[{"name":"wp","href":"https:\/\/api.w.org\/{rel}","templated":true}]}}