{"id":25407,"date":"2018-10-07T22:08:54","date_gmt":"2018-10-07T21:08:54","guid":{"rendered":"http:\/\/fegrama.cat\/web\/?p=25407"},"modified":"2018-10-07T22:08:54","modified_gmt":"2018-10-07T21:08:54","slug":"empat-de-linfantil-c-al-primer-partit-de-lliga","status":"publish","type":"post","link":"http:\/\/fegrama.cat\/web\/empat-de-linfantil-c-al-primer-partit-de-lliga\/","title":{"rendered":"Empat de l&#8217;Infantil C al primer partit de lliga"},"content":{"rendered":"<p>L&#8217;Infantil C va debutar en lliga davant el Santvicent\u00ed B.<\/p>\n<p>La Grama va comen\u00e7ar molt b\u00e9 generant moltes ocasions de gol arribant a fallar un penal. Malgrat de la decisi\u00f3 dels colomencs van seguir dominant i arribant amb perill a l&#8217;\u00e0rea. A falta de tres minuts per al descans Mamadou va avan\u00e7ar en el marcador als blaus.<\/p>\n<p>La pluja tamb\u00e9 va apar\u00e8ixer en el partit canviant el gui\u00f3 amb un equip local que llan\u00e7ava pilotes a dalt. De falta arribaria l&#8217;empat local. La Grama va tenir m\u00e9s ocasions per\u00f2 no va aconseguir materialitzar-les.<\/p>\n<p>[divider]<\/p>\n<p>El Infantil C debut\u00f3 en liga ante el\u00a0Santvicent\u00ed B.<\/p>\n<p>La Grama comenz\u00f3 muy bien generando muchas ocasiones de gol llegando a fallar un penalti. A pesar del fallo los colomenses siguieron dominando y llegando con peligro al \u00e1rea. A falta de tres minutos para el descanso Mamadou adelant\u00f3 en el marcador a los azules.<\/p>\n<p>La lluvia tambi\u00e9n apareci\u00f3 en el partido cambiando el gui\u00f3n con un equipo local que lanzaba balones arriba. De falta llegar\u00eda el empate local. La Grama tuvo m\u00e1s ocasiones pero no consigui\u00f3 materializarlas.<\/p>\n","protected":false},"excerpt":{"rendered":"<p>L&#8217;Infantil C va debutar en lliga davant el Santvicent\u00ed B. La Grama va comen\u00e7ar molt b\u00e9 generant moltes ocasions de gol arribant a fallar un penal. Malgrat de la decisi\u00f3 dels colomencs van seguir dominant i arribant amb perill a l&#8217;\u00e0rea. A falta de tres minuts per al descans Mamadou va avan\u00e7ar en el marcador [&hellip;]<\/p>\n","protected":false},"author":1,"featured_media":6232,"comment_status":"closed","ping_status":"closed","sticky":false,"template":"","format":"standard","meta":{"footnotes":""},"categories":[4,9],"tags":[],"class_list":["post-25407","post","type-post","status-publish","format-standard","has-post-thumbnail","hentry","category-base-inclusiu","category-infantils"],"_links":{"self":[{"href":"http:\/\/fegrama.cat\/web\/wp-json\/wp\/v2\/posts\/25407","targetHints":{"allow":["GET"]}}],"collection":[{"href":"http:\/\/fegrama.cat\/web\/wp-json\/wp\/v2\/posts"}],"about":[{"href":"http:\/\/fegrama.cat\/web\/wp-json\/wp\/v2\/types\/post"}],"author":[{"embeddable":true,"href":"http:\/\/fegrama.cat\/web\/wp-json\/wp\/v2\/users\/1"}],"replies":[{"embeddable":true,"href":"http:\/\/fegrama.cat\/web\/wp-json\/wp\/v2\/comments?post=25407"}],"version-history":[{"count":1,"href":"http:\/\/fegrama.cat\/web\/wp-json\/wp\/v2\/posts\/25407\/revisions"}],"predecessor-version":[{"id":25408,"href":"http:\/\/fegrama.cat\/web\/wp-json\/wp\/v2\/posts\/25407\/revisions\/25408"}],"wp:featuredmedia":[{"embeddable":true,"href":"http:\/\/fegrama.cat\/web\/wp-json\/wp\/v2\/media\/6232"}],"wp:attachment":[{"href":"http:\/\/fegrama.cat\/web\/wp-json\/wp\/v2\/media?parent=25407"}],"wp:term":[{"taxonomy":"category","embeddable":true,"href":"http:\/\/fegrama.cat\/web\/wp-json\/wp\/v2\/categories?post=25407"},{"taxonomy":"post_tag","embeddable":true,"href":"http:\/\/fegrama.cat\/web\/wp-json\/wp\/v2\/tags?post=25407"}],"curies":[{"name":"wp","href":"https:\/\/api.w.org\/{rel}","templated":true}]}}