{"id":25396,"date":"2018-10-07T21:40:59","date_gmt":"2018-10-07T20:40:59","guid":{"rendered":"http:\/\/fegrama.cat\/web\/?p=25396"},"modified":"2018-10-07T21:40:59","modified_gmt":"2018-10-07T20:40:59","slug":"derrota-justa-sense-cap-opcio","status":"publish","type":"post","link":"http:\/\/fegrama.cat\/web\/derrota-justa-sense-cap-opcio\/","title":{"rendered":"Derrota justa, sense cap opci\u00f3"},"content":{"rendered":"<p><a href=\"http:\/\/fegrama.cat\/web\/wp-content\/uploads\/2018\/10\/11standreugrama.jpg\"><img loading=\"lazy\" decoding=\"async\" class=\"aligncenter  wp-image-25399\" src=\"http:\/\/fegrama.cat\/web\/wp-content\/uploads\/2018\/10\/11standreugrama.jpg\" alt=\"\" width=\"513\" height=\"385\" srcset=\"http:\/\/fegrama.cat\/web\/wp-content\/uploads\/2018\/10\/11standreugrama.jpg 960w, http:\/\/fegrama.cat\/web\/wp-content\/uploads\/2018\/10\/11standreugrama-300x225.jpg 300w, http:\/\/fegrama.cat\/web\/wp-content\/uploads\/2018\/10\/11standreugrama-768x576.jpg 768w\" sizes=\"auto, (max-width: 513px) 100vw, 513px\" \/><\/a><\/p>\n<p><strong>La Fundaci\u00f3 Esportiva Grama no va poder fer res davant un superior Sant Andreu, equip que es va imposar 2-0.<\/strong><\/p>\n<p>Primers compassos del xoc amb tempteig per part dels dos conjunts i una primera ocasi\u00f3 de gol per part dels locals. <strong>Toni D\u00edaz<\/strong> havia tornat a realitzar canvis en el seu 11, i sistema t\u00e0ctic passant a un 4-4-1-1, amb la tornada de <strong>Joel<\/strong> a la banda, <strong>Chica<\/strong> en l&#8217;altre lateral, <strong>Omar<\/strong> titular i a dalt nom\u00e9s <strong>Cristopher<\/strong>.<\/p>\n<p>Amb el pas del temps els de la quadribarrada es van fer els amos de la pilota desplegant un joc de passades de banda a banda, utilitzant la velocitat per bandes i creant molt perill. La <strong>Grama<\/strong> es va defensar com va poder i va intentar sense \u00e8xit incomodar al rival. Dos xuts m\u00e9s del <strong>Sant Andreu<\/strong>, un fregant el travesser, van donar pas al primer xut de la Grama amb una rematada de cap d&#8217;<strong>Omar<\/strong> despr\u00e9s d&#8217;una centrada de <strong>Buba<\/strong> (22&#8242;).<\/p>\n<p>Poc despr\u00e9s van arribar les ocasions m\u00e9s perilloses dels locals, en la primera entre Texeira i el pal van enviar la pilota a c\u00f3rner, i en la segona Rojas evitava un gol cantat. En els instants finals una internada de <strong>Fran Piera<\/strong> i la millor ocasi\u00f3 de la Grama en els 90 minuts. Segons abans del descans <strong>Javi Chica<\/strong> va llan\u00e7ar magistralment una falta per\u00f2 es va topar amb una gran aturada del porter.<\/p>\n<p><a href=\"http:\/\/fegrama.cat\/web\/wp-content\/uploads\/2018\/10\/P1060858.jpg\"><img loading=\"lazy\" decoding=\"async\" class=\"wp-image-25400 alignleft\" src=\"http:\/\/fegrama.cat\/web\/wp-content\/uploads\/2018\/10\/P1060858.jpg\" alt=\"\" width=\"289\" height=\"283\" srcset=\"http:\/\/fegrama.cat\/web\/wp-content\/uploads\/2018\/10\/P1060858.jpg 583w, http:\/\/fegrama.cat\/web\/wp-content\/uploads\/2018\/10\/P1060858-300x294.jpg 300w, http:\/\/fegrama.cat\/web\/wp-content\/uploads\/2018\/10\/P1060858-55x55.jpg 55w\" sizes=\"auto, (max-width: 289px) 100vw, 289px\" \/><\/a><\/p>\n<p>La segona meitat va comen\u00e7ar m\u00e9s igualada, els dos equips s&#8217;aguantaven. El <strong>Sant Andreu<\/strong> novament es va fer l&#8217;amo del joc i de la pilota, acumulant un alt percentatge de possessi\u00f3. Al minut 60 la Grama ho tornaria a intentar per mitj\u00e0 de <strong>Chica<\/strong>, de falta per\u00f2 molt suau a les mans del porter rival. Tan sols quatre minuts despr\u00e9s arribaria l&#8217;<strong>1-0<\/strong>.<\/p>\n<p><strong>Rojas,<\/strong> que va fer un partit espectacular, tenia la mala fortuna de relliscar i deixar la pilota mansa al rival, aquests van aprofitar en un 2 contra 2 per encarar l&#8217;\u00faltim defensa i posar-li a la esquerra la pilota al davanter que va definir en el m\u00e0 a m\u00e0 davant <strong>Texeira<\/strong>. Despr\u00e9s d&#8217;aix\u00f2 les coses es posaven pitjor per a la Grama quan <strong>Joel Mar\u00edn<\/strong> era expulsat en rebre la segona targeta groga en una falta al centre del camp.<\/p>\n<p>No hi va haver reacci\u00f3 de la Grama que no va incomodar en cap moment el Sant Andreu. Amb un xut des de lluny els locals van avisar, i m\u00e9s tard van marcar el<strong> 2-0<\/strong>. Una gran jugada per banda acabaria amb xut dins de l&#8217;\u00e0rea que va rebotar i en el rebuig arribaria el segon gol local.<\/p>\n<p>Per davant quedaven 12 minuts en els quals els quadribarrats es van dedicar a tocar la pilota i esgotar f\u00edsicament a una Grama que va ser incapa\u00e7 de fer-los mal. Amb aquesta derrota la Fundaci\u00f3 baixa al pen\u00faltim lloc i suma cinc jornades seguides sense guanyar. <strong>Diumenge que ve (11:45 hores) tocar\u00e0 trencar la din\u00e0mica.<\/strong><\/p>\n<p style=\"text-align: right;\"><a href=\"https:\/\/photos.app.goo.gl\/WC1z5moJ9nnBkXGK8\"><strong>FOTOS DEL PARTIT<\/strong><\/a><\/p>\n<p style=\"text-align: right;\"><strong><a href=\"http:\/\/fcf.cat\/es\/classificacio\/1819\/futbol-11\/tercera-divisio-nacional\/grup-v\">CLASSIFICACI\u00d3<\/a><\/strong><\/p>\n<p><a href=\"http:\/\/fegrama.cat\/web\/wp-content\/uploads\/2018\/10\/11standreugrama.jpg\"><img loading=\"lazy\" decoding=\"async\" class=\"aligncenter  wp-image-25399\" src=\"http:\/\/fegrama.cat\/web\/wp-content\/uploads\/2018\/10\/11standreugrama.jpg\" alt=\"\" width=\"468\" height=\"351\" srcset=\"http:\/\/fegrama.cat\/web\/wp-content\/uploads\/2018\/10\/11standreugrama.jpg 960w, http:\/\/fegrama.cat\/web\/wp-content\/uploads\/2018\/10\/11standreugrama-300x225.jpg 300w, http:\/\/fegrama.cat\/web\/wp-content\/uploads\/2018\/10\/11standreugrama-768x576.jpg 768w\" sizes=\"auto, (max-width: 468px) 100vw, 468px\" \/><\/a><\/p>\n<p><strong>La Fundaci\u00f3 Esportiva Grama no pudo hacer nada ante un superior Sant Andreu, equipo que se impuso 2-0.\u00a0<\/strong><\/p>\n<p>Primeros compases del choque con tanteo por parte de ambos conjuntos y una primera ocasi\u00f3n de gol por parte de los locales.<strong> Toni D\u00edaz<\/strong> hab\u00eda vuelto a realizar cambios en su 11, y sistema t\u00e1ctico pasando a un 4-4-1-1, con la vuelta de J<strong>oel<\/strong> a la banda, <strong>Chic<\/strong>a en el otro lateral, <strong>Omar<\/strong> titular y arriba solamente <strong>Cristophe<\/strong>r.<\/p>\n<p>Con el paso del tiempo los de la\u00a0cuatribarrada se hicieron los due\u00f1os del bal\u00f3n desplegando un juego de pases de lado a lado, utilizando la velocidad por bandas y creando mucho peligro. La<strong> Grama<\/strong> se defendi\u00f3 como pudo e intent\u00f3 sin \u00e9xito incomodar al rival. Dos chutes m\u00e1s del <strong>Sant Andreu<\/strong>, uno rozando el larguero, dieron paso al primer chute de la Grama con un remate de cabeza de <strong>Omar<\/strong> tras un centro de<strong> Buba<\/strong> (22&#8242;).<\/p>\n<p>Poco despu\u00e9s llegaron las ocasiones m\u00e1s peligrosas de los locales, en la primera entre <strong>Texeira<\/strong> y el palo enviaron la pelota a c\u00f3rner, y en la segunda <strong>Rojas<\/strong> evitaba un gol cantado. En los instantes finales una internada de <strong>Fran Piera<\/strong> y la mejor ocasi\u00f3n de la Grama en los 90 minutos. Segundos antes del descanso <strong>Javi Chica<\/strong> lanz\u00f3 magistralmente una falta pero se top\u00f3 con una gran parada del meta.<\/p>\n<p>La segunda mitad comenz\u00f3 m\u00e1s igualada, los dos equipos se aguantaban. El Sant Andreu nuevamente se hizo el due\u00f1o del juego y de la pelota, acumulando un alto porcentaje de posesi\u00f3n. En el minuto 60 la Grama lo volver\u00eda a intentar por medio de<strong> Chica<\/strong>, de falta pero muy suave a las manos del portero rival. Tan s\u00f3lo cuatro minutos despu\u00e9s llegar\u00eda el <strong>1-0<\/strong>.<\/p>\n<p>Rojas, que hizo un partido espectacular, ten\u00eda la mala fortuna de resbalar y dejar la pelota mansa al rival, estos aprovecharon en un 2 contra 2 para encarar al \u00faltimo defensa y ponerle a su izquierda el bal\u00f3n al delantero que defini\u00f3 en el mano a mano ante Texeira. Tras eso las cosas se pon\u00edan peor para la Grama cuando <strong>Joel Mar\u00edn<\/strong> era expulsado al recibir la segunda cartulina amarilla en una falta en el centro del campo.<\/p>\n<p>No hubo reacci\u00f3n de la Grama que no incomod\u00f3 en ning\u00fan momento al Sant Andreu. Con un chute desde lejos los locales avisaron, y m\u00e1s tarde marcaron el <strong>2-0<\/strong>. Una gran jugada por banda terminar\u00eda con chute dentro del \u00e1rea que rebot\u00f3 y en el rechace llegar\u00eda el segundo gol local.<\/p>\n<p>Por delante quedaban 12 minutos en los que los cuatribarrados se dedicaron a tocar el bal\u00f3n y agotar f\u00edsicamente a una Grama que fue incapaz de hacerles da\u00f1o.\u00a0Con esta derrota la Fundaci\u00f3 baja al pen\u00faltimo puesto y suma cinco jornadas seguidas sin ganar. <strong>El pr\u00f3ximo domingo (11:45 horas) tocar\u00e1 romper la din\u00e1mica.<\/strong><\/p>\n","protected":false},"excerpt":{"rendered":"<p>La Fundaci\u00f3 Esportiva Grama no va poder fer res davant un superior Sant Andreu, equip que es va imposar 2-0. Primers compassos del xoc amb tempteig per part dels dos conjunts i una primera ocasi\u00f3 de gol per part dels locals. Toni D\u00edaz havia tornat a realitzar canvis en el seu 11, i sistema t\u00e0ctic [&hellip;]<\/p>\n","protected":false},"author":1,"featured_media":25400,"comment_status":"closed","ping_status":"closed","sticky":false,"template":"","format":"standard","meta":{"footnotes":""},"categories":[4,5],"tags":[],"class_list":["post-25396","post","type-post","status-publish","format-standard","has-post-thumbnail","hentry","category-base-inclusiu","category-primer-equip"],"_links":{"self":[{"href":"http:\/\/fegrama.cat\/web\/wp-json\/wp\/v2\/posts\/25396","targetHints":{"allow":["GET"]}}],"collection":[{"href":"http:\/\/fegrama.cat\/web\/wp-json\/wp\/v2\/posts"}],"about":[{"href":"http:\/\/fegrama.cat\/web\/wp-json\/wp\/v2\/types\/post"}],"author":[{"embeddable":true,"href":"http:\/\/fegrama.cat\/web\/wp-json\/wp\/v2\/users\/1"}],"replies":[{"embeddable":true,"href":"http:\/\/fegrama.cat\/web\/wp-json\/wp\/v2\/comments?post=25396"}],"version-history":[{"count":2,"href":"http:\/\/fegrama.cat\/web\/wp-json\/wp\/v2\/posts\/25396\/revisions"}],"predecessor-version":[{"id":25402,"href":"http:\/\/fegrama.cat\/web\/wp-json\/wp\/v2\/posts\/25396\/revisions\/25402"}],"wp:featuredmedia":[{"embeddable":true,"href":"http:\/\/fegrama.cat\/web\/wp-json\/wp\/v2\/media\/25400"}],"wp:attachment":[{"href":"http:\/\/fegrama.cat\/web\/wp-json\/wp\/v2\/media?parent=25396"}],"wp:term":[{"taxonomy":"category","embeddable":true,"href":"http:\/\/fegrama.cat\/web\/wp-json\/wp\/v2\/categories?post=25396"},{"taxonomy":"post_tag","embeddable":true,"href":"http:\/\/fegrama.cat\/web\/wp-json\/wp\/v2\/tags?post=25396"}],"curies":[{"name":"wp","href":"https:\/\/api.w.org\/{rel}","templated":true}]}}