{"id":25386,"date":"2018-10-07T15:13:15","date_gmt":"2018-10-07T14:13:15","guid":{"rendered":"http:\/\/fegrama.cat\/web\/?p=25386"},"modified":"2018-10-07T15:13:15","modified_gmt":"2018-10-07T14:13:15","slug":"gran-golejada-del-cadet-c","status":"publish","type":"post","link":"http:\/\/fegrama.cat\/web\/gran-golejada-del-cadet-c\/","title":{"rendered":"Gran golejada del Cadet C"},"content":{"rendered":"<p>Golejada espectacular del Cadet C per 8-1 davant el CEF Gav\u00e0.<\/p>\n<p>La Grama va tenir des de l&#8217;inici el domini de la pilota, durant els primers minuts creaven ocasions per\u00f2 no arribava el gol. A falta de 10 minuts per acabar la primera part Busta va fer el 1-0 per als locals amb el qual es va portar al descans.<\/p>\n<p>A la segona part mateix gui\u00f3, domini total de la pilota de la Grama que no donava opci\u00f3 al contrari i el desgastava molt f\u00edsicament. El gol d&#8217;hora de Pol donaria pas a un setge de joc i ocasions de gol dels locals que acabaria amb un marcador volumin\u00f3s. Busta, David, Mohamed, Mora, Negesso i Izan van marcar els seg\u00fcents gols.<\/p>\n<p><a href=\"http:\/\/fegrama.cat\/web\/wp-content\/uploads\/2018\/10\/cadC.jpeg\"><img loading=\"lazy\" decoding=\"async\" class=\"aligncenter size-large wp-image-25387\" src=\"http:\/\/fegrama.cat\/web\/wp-content\/uploads\/2018\/10\/cadC-1024x768.jpeg\" alt=\"\" width=\"618\" height=\"464\" srcset=\"http:\/\/fegrama.cat\/web\/wp-content\/uploads\/2018\/10\/cadC-1024x768.jpeg 1024w, http:\/\/fegrama.cat\/web\/wp-content\/uploads\/2018\/10\/cadC-300x225.jpeg 300w, http:\/\/fegrama.cat\/web\/wp-content\/uploads\/2018\/10\/cadC-768x576.jpeg 768w, http:\/\/fegrama.cat\/web\/wp-content\/uploads\/2018\/10\/cadC.jpeg 1600w\" sizes=\"auto, (max-width: 618px) 100vw, 618px\" \/><\/a><\/p>\n<p>Goleada espectacular del Cadete C por 8-1 ante el CEF Gav\u00e0.<\/p>\n<p>La Grama tuvo desde el inicio el dominio del bal\u00f3n,\u00a0durante los primeros minutos creaban ocasiones pero no llegaba el gol. A falta de 10 minutos para acabar la primera parte Busta hizo el 1-0 para los locales con el que se llev\u00f3 al descanso.<\/p>\n<p>En la segunda parte mismo gui\u00f3n, dominio total del bal\u00f3n de la Grama que no daba opci\u00f3n al contrario y lo desgastaba mucho f\u00edsicamente. El gol temprano de Pol dar\u00eda paso a un asedio de juego y ocasiones de gol de los locales que acabar\u00eda con un marcador abultado. Busta, David, Mohamed, Mora, Negesso e Izan marcaron los siguientes goles.<\/p>\n","protected":false},"excerpt":{"rendered":"<p>Golejada espectacular del Cadet C per 8-1 davant el CEF Gav\u00e0. La Grama va tenir des de l&#8217;inici el domini de la pilota, durant els primers minuts creaven ocasions per\u00f2 no arribava el gol. A falta de 10 minuts per acabar la primera part Busta va fer el 1-0 per als locals amb el qual [&hellip;]<\/p>\n","protected":false},"author":1,"featured_media":25387,"comment_status":"closed","ping_status":"closed","sticky":false,"template":"","format":"standard","meta":{"footnotes":""},"categories":[4,7],"tags":[],"class_list":["post-25386","post","type-post","status-publish","format-standard","has-post-thumbnail","hentry","category-base-inclusiu","category-cadets"],"_links":{"self":[{"href":"http:\/\/fegrama.cat\/web\/wp-json\/wp\/v2\/posts\/25386","targetHints":{"allow":["GET"]}}],"collection":[{"href":"http:\/\/fegrama.cat\/web\/wp-json\/wp\/v2\/posts"}],"about":[{"href":"http:\/\/fegrama.cat\/web\/wp-json\/wp\/v2\/types\/post"}],"author":[{"embeddable":true,"href":"http:\/\/fegrama.cat\/web\/wp-json\/wp\/v2\/users\/1"}],"replies":[{"embeddable":true,"href":"http:\/\/fegrama.cat\/web\/wp-json\/wp\/v2\/comments?post=25386"}],"version-history":[{"count":1,"href":"http:\/\/fegrama.cat\/web\/wp-json\/wp\/v2\/posts\/25386\/revisions"}],"predecessor-version":[{"id":25388,"href":"http:\/\/fegrama.cat\/web\/wp-json\/wp\/v2\/posts\/25386\/revisions\/25388"}],"wp:featuredmedia":[{"embeddable":true,"href":"http:\/\/fegrama.cat\/web\/wp-json\/wp\/v2\/media\/25387"}],"wp:attachment":[{"href":"http:\/\/fegrama.cat\/web\/wp-json\/wp\/v2\/media?parent=25386"}],"wp:term":[{"taxonomy":"category","embeddable":true,"href":"http:\/\/fegrama.cat\/web\/wp-json\/wp\/v2\/categories?post=25386"},{"taxonomy":"post_tag","embeddable":true,"href":"http:\/\/fegrama.cat\/web\/wp-json\/wp\/v2\/tags?post=25386"}],"curies":[{"name":"wp","href":"https:\/\/api.w.org\/{rel}","templated":true}]}}