{"id":25380,"date":"2018-10-07T14:58:54","date_gmt":"2018-10-07T13:58:54","guid":{"rendered":"http:\/\/fegrama.cat\/web\/?p=25380"},"modified":"2018-10-07T14:58:54","modified_gmt":"2018-10-07T13:58:54","slug":"primera-sortida-i-victoria-del-juvenil-b","status":"publish","type":"post","link":"http:\/\/fegrama.cat\/web\/primera-sortida-i-victoria-del-juvenil-b\/","title":{"rendered":"Primera sortida i vict\u00f2ria del Juvenil B"},"content":{"rendered":"<p>Dos de dos, el Juvenil B en la seva primera sortida va guanyar 1-4 a la PB Collblanc-Sants.<\/p>\n<p>Partit molt treballat per part de la Grama en un camp molt petit en el qual Dani Rosa va apostar per un atrevit 3-4-3 ofensiu per obrir molt el camp. El sistema t\u00e0ctic va sorgir efecte amb dos gols, al 3 Arnau Mesas i al 15 Miguel Luis Carvalho.<\/p>\n<p>Un penal clar va acostar al rival al marcador (1-2, 17&#8242;), un conjunt local que amb el gol va pr\u00e9mer. En els primers 25 minuts de la segona meitat la Grama va seguir amb el mateix sistema fent variacions amb canvis i marcant el tercer, obra de David Casta\u00f1\u00f3n.<\/p>\n<p>Quan va ser necessari van canviar a un 4-4-2, tenint la pilota i movent per fer arribar l&#8217;1-4 amb gol d&#8217;Iv\u00e1n Vicente. Un equip molt fort que t\u00e9 un camp petit, molt dif\u00edcil per a qualsevol equip, i on la Fundaci\u00f3 va ser capa\u00e7 d&#8217;endur-se els tres punts.<\/p>\n<p><a href=\"http:\/\/fegrama.cat\/web\/wp-content\/uploads\/2018\/10\/juvB.jpg\"><img loading=\"lazy\" decoding=\"async\" class=\"aligncenter size-large wp-image-25381\" src=\"http:\/\/fegrama.cat\/web\/wp-content\/uploads\/2018\/10\/juvB-1024x683.jpg\" alt=\"\" width=\"618\" height=\"412\" srcset=\"http:\/\/fegrama.cat\/web\/wp-content\/uploads\/2018\/10\/juvB-1024x683.jpg 1024w, http:\/\/fegrama.cat\/web\/wp-content\/uploads\/2018\/10\/juvB-300x200.jpg 300w, http:\/\/fegrama.cat\/web\/wp-content\/uploads\/2018\/10\/juvB-768x512.jpg 768w\" sizes=\"auto, (max-width: 618px) 100vw, 618px\" \/><\/a><\/p>\n<p>Dos de dos, el Juvenil B en su primera salida gan\u00f3 1-4 a la PB Collblanc-Sants.<\/p>\n<p>Partido muy trabajado por parte de la Grama en un campo muy peque\u00f1o en el cual Dani Rosa apost\u00f3 por un atrevido 3-4-3 ofensivo para abrir mucho el campo. El sistema t\u00e1ctico surgi\u00f3 efecto con dos goles, en el 3 Arnau Mesas y en el 15 Miguel Luis Carvalho.<\/p>\n<p>Un penalti claro acerc\u00f3 al rival en el marcador (1-2, 17&#8242;), un conjunto local que con el gol apret\u00f3. En los primeros 25 minutos de la segunda mitad la Grama sigui\u00f3 con el mismo sistema haciendo variaciones con cambios y marcando el tercero, obra de David Casta\u00f1\u00f3n.<\/p>\n<p>Cuando fue necesario cambiaron a un 4-4-2, teniendo el bal\u00f3n y moviendo para hacer llegar el 1-4 con gol de Iv\u00e1n Vicente.\u00a0Un equipo muy fuerte que tiene un campo peque\u00f1o, muy dif\u00edcil para cualquier equipo, y donde la Fundaci\u00f3 fue capaz de llevarse los tres puntos.<\/p>\n","protected":false},"excerpt":{"rendered":"<p>Dos de dos, el Juvenil B en la seva primera sortida va guanyar 1-4 a la PB Collblanc-Sants. Partit molt treballat per part de la Grama en un camp molt petit en el qual Dani Rosa va apostar per un atrevit 3-4-3 ofensiu per obrir molt el camp. El sistema t\u00e0ctic va sorgir efecte amb [&hellip;]<\/p>\n","protected":false},"author":1,"featured_media":25381,"comment_status":"closed","ping_status":"closed","sticky":false,"template":"","format":"standard","meta":{"footnotes":""},"categories":[4,6],"tags":[],"class_list":["post-25380","post","type-post","status-publish","format-standard","has-post-thumbnail","hentry","category-base-inclusiu","category-juvenils"],"_links":{"self":[{"href":"http:\/\/fegrama.cat\/web\/wp-json\/wp\/v2\/posts\/25380","targetHints":{"allow":["GET"]}}],"collection":[{"href":"http:\/\/fegrama.cat\/web\/wp-json\/wp\/v2\/posts"}],"about":[{"href":"http:\/\/fegrama.cat\/web\/wp-json\/wp\/v2\/types\/post"}],"author":[{"embeddable":true,"href":"http:\/\/fegrama.cat\/web\/wp-json\/wp\/v2\/users\/1"}],"replies":[{"embeddable":true,"href":"http:\/\/fegrama.cat\/web\/wp-json\/wp\/v2\/comments?post=25380"}],"version-history":[{"count":1,"href":"http:\/\/fegrama.cat\/web\/wp-json\/wp\/v2\/posts\/25380\/revisions"}],"predecessor-version":[{"id":25382,"href":"http:\/\/fegrama.cat\/web\/wp-json\/wp\/v2\/posts\/25380\/revisions\/25382"}],"wp:featuredmedia":[{"embeddable":true,"href":"http:\/\/fegrama.cat\/web\/wp-json\/wp\/v2\/media\/25381"}],"wp:attachment":[{"href":"http:\/\/fegrama.cat\/web\/wp-json\/wp\/v2\/media?parent=25380"}],"wp:term":[{"taxonomy":"category","embeddable":true,"href":"http:\/\/fegrama.cat\/web\/wp-json\/wp\/v2\/categories?post=25380"},{"taxonomy":"post_tag","embeddable":true,"href":"http:\/\/fegrama.cat\/web\/wp-json\/wp\/v2\/tags?post=25380"}],"curies":[{"name":"wp","href":"https:\/\/api.w.org\/{rel}","templated":true}]}}