{"id":25374,"date":"2018-10-07T11:59:21","date_gmt":"2018-10-07T10:59:21","guid":{"rendered":"http:\/\/fegrama.cat\/web\/?p=25374"},"modified":"2018-10-07T11:59:21","modified_gmt":"2018-10-07T10:59:21","slug":"durra-derrota-al-primer-partit-de-linfantil-d","status":"publish","type":"post","link":"http:\/\/fegrama.cat\/web\/durra-derrota-al-primer-partit-de-linfantil-d\/","title":{"rendered":"Durra derrota al primer partit de l&#8217;Infantil D"},"content":{"rendered":"<p>L&#8217;Infantil D no va comen\u00e7ar b\u00e9 la temporada en caure 0-5 davant el Sistrells C.<\/p>\n<p>La Grama va aguantar b\u00e9 durant el primer temps per\u00f2 en el segon els de Badalona, un equip amb jugadors tots de segon any, es van imposar. Els colomencs ho van intentar per\u00f2 conforme van ser encaixant els gols es van enfonsar.<\/p>\n<p>[divider]<\/p>\n<p>El Infantil D no comenz\u00f3 bien la temporada al caer 0-5 ante el Sistrells C.<\/p>\n<p>La Grama aguant\u00f3 bien durante el primer tiempo pero en el segundo los de Badalona, un equipo con jugadores todos de segundo a\u00f1o, se impusieron. Los colomenses lo intentaron pero conforme fueron encajando los goles se vinieron abajo.<\/p>\n<p>&nbsp;<\/p>\n","protected":false},"excerpt":{"rendered":"<p>L&#8217;Infantil D no va comen\u00e7ar b\u00e9 la temporada en caure 0-5 davant el Sistrells C. La Grama va aguantar b\u00e9 durant el primer temps per\u00f2 en el segon els de Badalona, un equip amb jugadors tots de segon any, es van imposar. Els colomencs ho van intentar per\u00f2 conforme van ser encaixant els gols es [&hellip;]<\/p>\n","protected":false},"author":1,"featured_media":6232,"comment_status":"closed","ping_status":"closed","sticky":false,"template":"","format":"standard","meta":{"footnotes":""},"categories":[4,9],"tags":[],"class_list":["post-25374","post","type-post","status-publish","format-standard","has-post-thumbnail","hentry","category-base-inclusiu","category-infantils"],"_links":{"self":[{"href":"http:\/\/fegrama.cat\/web\/wp-json\/wp\/v2\/posts\/25374","targetHints":{"allow":["GET"]}}],"collection":[{"href":"http:\/\/fegrama.cat\/web\/wp-json\/wp\/v2\/posts"}],"about":[{"href":"http:\/\/fegrama.cat\/web\/wp-json\/wp\/v2\/types\/post"}],"author":[{"embeddable":true,"href":"http:\/\/fegrama.cat\/web\/wp-json\/wp\/v2\/users\/1"}],"replies":[{"embeddable":true,"href":"http:\/\/fegrama.cat\/web\/wp-json\/wp\/v2\/comments?post=25374"}],"version-history":[{"count":1,"href":"http:\/\/fegrama.cat\/web\/wp-json\/wp\/v2\/posts\/25374\/revisions"}],"predecessor-version":[{"id":25375,"href":"http:\/\/fegrama.cat\/web\/wp-json\/wp\/v2\/posts\/25374\/revisions\/25375"}],"wp:featuredmedia":[{"embeddable":true,"href":"http:\/\/fegrama.cat\/web\/wp-json\/wp\/v2\/media\/6232"}],"wp:attachment":[{"href":"http:\/\/fegrama.cat\/web\/wp-json\/wp\/v2\/media?parent=25374"}],"wp:term":[{"taxonomy":"category","embeddable":true,"href":"http:\/\/fegrama.cat\/web\/wp-json\/wp\/v2\/categories?post=25374"},{"taxonomy":"post_tag","embeddable":true,"href":"http:\/\/fegrama.cat\/web\/wp-json\/wp\/v2\/tags?post=25374"}],"curies":[{"name":"wp","href":"https:\/\/api.w.org\/{rel}","templated":true}]}}