{"id":25372,"date":"2018-10-07T11:56:25","date_gmt":"2018-10-07T10:56:25","guid":{"rendered":"http:\/\/fegrama.cat\/web\/?p=25372"},"modified":"2018-10-07T11:56:25","modified_gmt":"2018-10-07T10:56:25","slug":"linfantil-e-comenca-amb-derrota","status":"publish","type":"post","link":"http:\/\/fegrama.cat\/web\/linfantil-e-comenca-amb-derrota\/","title":{"rendered":"L&#8217;Infantil E comen\u00e7a amb derrota"},"content":{"rendered":"<p>Primer partit de l&#8217;Infantil E i derrota per 2-5 davant l&#8217;EE Guineueta B al Municipal de Les Oliveres.<\/p>\n<p>Partit en el qual des de l&#8217;inici dels colomencs van sortir una mica adormits, els va costar molt entrar en el joc i aix\u00f2 va provocar que el rival s&#8217;avan\u00e7ar\u00e0 al marcador. El conjunt visitant es va aprofitar de la situaci\u00f3 per dominar i posar-se 0-3. Abans de finalitzar la primera part la Grama va aconseguir marcar un gol que els va donar esperances i for\u00e7a.<\/p>\n<p>Despr\u00e9s del descans la Fundaci\u00f3 va saltar m\u00e9s fort i tenint les coses m\u00e9s clares. Desgraciadament un error els va costar encaixar un altre gol (1-4). Tot i aix\u00ed van seguir lluitant i van tornar a retallar dist\u00e0ncies en el marcador. Finalment, el rival va aconseguir marcar un \u00faltim gol.<\/p>\n<p>Dolors: \u00abAix\u00f2 acaba de comen\u00e7ar i encara hi ha molt per fer. Per ser el primer partit ha anat for\u00e7a b\u00e9 i la segona part ha estat molt bona, ens faltava jugar amb m\u00e9s flu\u00efdesa.\u00bb<\/p>\n<p>[divider]<\/p>\n<p>Primer partido del Infantil E y derrota por 2-5 ante la EE Guineueta B en el Municipal de Les Oliveres.<\/p>\n<p>Partido en el cual desde el inicio los colomenses salieron un poco dormidos, les cost\u00f3 mucho entrar en el juego y eso provoc\u00f3 que el rival se adelantar\u00e1 en el marcador. El conjunto visitante se aprovech\u00f3 de la situaci\u00f3n para dominar y ponerse 0-3. Antes de finalizar la primera parte la Grama consigui\u00f3 marcar un gol que les dio esperanzas y fuerza.<\/p>\n<p>Tras el descanso la Fundaci\u00f3 salt\u00f3 m\u00e1s fuerte y teniendo las cosas m\u00e1s claras. Desgraciadamente un error les cost\u00f3 encajar otro gol (1-4). A\u00fan as\u00ed siguieron luchando y volvieron a recortar distancias en el marcador. Finalmente, el rival consigui\u00f3 marcar un \u00faltimo gol.<\/p>\n<p>Dolors: \u00abEsto acaba de empezar y a\u00fan hay mucho por hacer. Para ser el primer partido ha ido bastante bien y la segunda parte ha sido muy buena, nos faltaba jugar con m\u00e1s fluidez.\u00bb<\/p>\n","protected":false},"excerpt":{"rendered":"<p>Primer partit de l&#8217;Infantil E i derrota per 2-5 davant l&#8217;EE Guineueta B al Municipal de Les Oliveres. Partit en el qual des de l&#8217;inici dels colomencs van sortir una mica adormits, els va costar molt entrar en el joc i aix\u00f2 va provocar que el rival s&#8217;avan\u00e7ar\u00e0 al marcador. El conjunt visitant es va [&hellip;]<\/p>\n","protected":false},"author":1,"featured_media":5464,"comment_status":"closed","ping_status":"closed","sticky":false,"template":"","format":"standard","meta":{"footnotes":""},"categories":[4,9],"tags":[],"class_list":["post-25372","post","type-post","status-publish","format-standard","has-post-thumbnail","hentry","category-base-inclusiu","category-infantils"],"_links":{"self":[{"href":"http:\/\/fegrama.cat\/web\/wp-json\/wp\/v2\/posts\/25372","targetHints":{"allow":["GET"]}}],"collection":[{"href":"http:\/\/fegrama.cat\/web\/wp-json\/wp\/v2\/posts"}],"about":[{"href":"http:\/\/fegrama.cat\/web\/wp-json\/wp\/v2\/types\/post"}],"author":[{"embeddable":true,"href":"http:\/\/fegrama.cat\/web\/wp-json\/wp\/v2\/users\/1"}],"replies":[{"embeddable":true,"href":"http:\/\/fegrama.cat\/web\/wp-json\/wp\/v2\/comments?post=25372"}],"version-history":[{"count":1,"href":"http:\/\/fegrama.cat\/web\/wp-json\/wp\/v2\/posts\/25372\/revisions"}],"predecessor-version":[{"id":25373,"href":"http:\/\/fegrama.cat\/web\/wp-json\/wp\/v2\/posts\/25372\/revisions\/25373"}],"wp:featuredmedia":[{"embeddable":true,"href":"http:\/\/fegrama.cat\/web\/wp-json\/wp\/v2\/media\/5464"}],"wp:attachment":[{"href":"http:\/\/fegrama.cat\/web\/wp-json\/wp\/v2\/media?parent=25372"}],"wp:term":[{"taxonomy":"category","embeddable":true,"href":"http:\/\/fegrama.cat\/web\/wp-json\/wp\/v2\/categories?post=25372"},{"taxonomy":"post_tag","embeddable":true,"href":"http:\/\/fegrama.cat\/web\/wp-json\/wp\/v2\/tags?post=25372"}],"curies":[{"name":"wp","href":"https:\/\/api.w.org\/{rel}","templated":true}]}}