{"id":25367,"date":"2018-10-08T08:57:56","date_gmt":"2018-10-08T07:57:56","guid":{"rendered":"http:\/\/fegrama.cat\/web\/?p=25367"},"modified":"2018-10-08T09:40:24","modified_gmt":"2018-10-08T08:40:24","slug":"golejada-de-linfantil-a-2","status":"publish","type":"post","link":"http:\/\/fegrama.cat\/web\/golejada-de-linfantil-a-2\/","title":{"rendered":"Golejada de l&#8217;Infantil A"},"content":{"rendered":"<p>L&#8217;Infantil A va sumar la segona vict\u00f2ria de la temporada en imposar-se 4-0 a la Vila Ol\u00edmpica B.<\/p>\n<p>Partit controlat des del primer minut fins a l&#8217;\u00faltim per la Grama. Els colomencs van ser molt arriscats avan\u00e7ant molt les l\u00ednies. Despr\u00e9s de molt toc i possessi\u00f3 en el minut 17 un gol d&#8217;Burgui d&#8217;estrat\u00e8gia obria el marcador. La Grama no es va conformar i va ser pel segon, obra d&#8217;Gerian despr\u00e9s d&#8217;un xut des de fora de l&#8217;\u00e0rea.<\/p>\n<p>La segon meitat va ser un mon\u00f2leg dels colomencs movent al rival de banda a banda. Despr\u00e9s d&#8217;una gran diagonal per banda Gerian marcava el 3-0. Els jugadors locals van seguir movent la pilota molt millor que a la primera part i aix\u00ed un incansable Mario va serrar les dents i es va emportar el gol que mereixia pel seu esfor\u00e7.<\/p>\n<p><a href=\"http:\/\/fegrama.cat\/web\/wp-content\/uploads\/2018\/09\/IA1718.jpeg\"><img loading=\"lazy\" decoding=\"async\" class=\"aligncenter size-large wp-image-25310\" src=\"http:\/\/fegrama.cat\/web\/wp-content\/uploads\/2018\/09\/IA1718-1024x769.jpeg\" sizes=\"auto, (max-width: 618px) 100vw, 618px\" srcset=\"http:\/\/fegrama.cat\/web\/wp-content\/uploads\/2018\/09\/IA1718-1024x769.jpeg 1024w, http:\/\/fegrama.cat\/web\/wp-content\/uploads\/2018\/09\/IA1718-300x225.jpeg 300w, http:\/\/fegrama.cat\/web\/wp-content\/uploads\/2018\/09\/IA1718-768x577.jpeg 768w, http:\/\/fegrama.cat\/web\/wp-content\/uploads\/2018\/09\/IA1718.jpeg 1600w\" alt=\"\" width=\"618\" height=\"464\" \/><\/a><\/p>\n<p>El Infantil A sum\u00f3 la segunda victoria de la temporada al imponerse 4-0 a la Vila Ol\u00edmpica B.<\/p>\n<p>Partido controlado desde el primer minuto hasta el \u00faltimo por la Grama. Los colomenses fueron muy arriesgados adelantando mucho las l\u00edneas. Tras mucho toque y posesi\u00f3n en el minuto 17 un gol de Burgui de estrategia abr\u00eda el marcador. La Grama no se conform\u00f3 y fue por el segundo, obra de Gerian tras un chute desde fuera del \u00e1rea.<\/p>\n<p>La segundo mitad fue un mon\u00f3logo de los colomenses moviendo al rival de lado a lado. Tras una gran diagonal por banda Gerian marcaba el 3-0. Los jugadores locales siguieron moviendo el bal\u00f3n mucho mejor que en la primera parte y as\u00ed un incansable Mario apret\u00f3 los dientes y se llev\u00f3 el gol que merec\u00eda por su esfuerzo.<\/p>\n","protected":false},"excerpt":{"rendered":"<p>L&#8217;Infantil A va sumar la segona vict\u00f2ria de la temporada en imposar-se 4-0 a la Vila Ol\u00edmpica B. Partit controlat des del primer minut fins a l&#8217;\u00faltim per la Grama. Els colomencs van ser molt arriscats avan\u00e7ant molt les l\u00ednies. Despr\u00e9s de molt toc i possessi\u00f3 en el minut 17 un gol d&#8217;Burgui d&#8217;estrat\u00e8gia obria [&hellip;]<\/p>\n","protected":false},"author":1,"featured_media":25310,"comment_status":"closed","ping_status":"closed","sticky":false,"template":"","format":"standard","meta":{"footnotes":""},"categories":[4,9],"tags":[],"class_list":["post-25367","post","type-post","status-publish","format-standard","has-post-thumbnail","hentry","category-base-inclusiu","category-infantils"],"_links":{"self":[{"href":"http:\/\/fegrama.cat\/web\/wp-json\/wp\/v2\/posts\/25367","targetHints":{"allow":["GET"]}}],"collection":[{"href":"http:\/\/fegrama.cat\/web\/wp-json\/wp\/v2\/posts"}],"about":[{"href":"http:\/\/fegrama.cat\/web\/wp-json\/wp\/v2\/types\/post"}],"author":[{"embeddable":true,"href":"http:\/\/fegrama.cat\/web\/wp-json\/wp\/v2\/users\/1"}],"replies":[{"embeddable":true,"href":"http:\/\/fegrama.cat\/web\/wp-json\/wp\/v2\/comments?post=25367"}],"version-history":[{"count":1,"href":"http:\/\/fegrama.cat\/web\/wp-json\/wp\/v2\/posts\/25367\/revisions"}],"predecessor-version":[{"id":25368,"href":"http:\/\/fegrama.cat\/web\/wp-json\/wp\/v2\/posts\/25367\/revisions\/25368"}],"wp:featuredmedia":[{"embeddable":true,"href":"http:\/\/fegrama.cat\/web\/wp-json\/wp\/v2\/media\/25310"}],"wp:attachment":[{"href":"http:\/\/fegrama.cat\/web\/wp-json\/wp\/v2\/media?parent=25367"}],"wp:term":[{"taxonomy":"category","embeddable":true,"href":"http:\/\/fegrama.cat\/web\/wp-json\/wp\/v2\/categories?post=25367"},{"taxonomy":"post_tag","embeddable":true,"href":"http:\/\/fegrama.cat\/web\/wp-json\/wp\/v2\/tags?post=25367"}],"curies":[{"name":"wp","href":"https:\/\/api.w.org\/{rel}","templated":true}]}}