{"id":25356,"date":"2018-10-07T15:02:42","date_gmt":"2018-10-07T14:02:42","guid":{"rendered":"http:\/\/fegrama.cat\/web\/?p=25356"},"modified":"2018-10-07T15:02:42","modified_gmt":"2018-10-07T14:02:42","slug":"resums-dels-equips-benjamins-6-i-7-doctubre","status":"publish","type":"post","link":"http:\/\/fegrama.cat\/web\/resums-dels-equips-benjamins-6-i-7-doctubre\/","title":{"rendered":"Resums dels equips Benjamins (6 i 7 d\u2019octubre)"},"content":{"rendered":"<p><strong>Vila Ol\u00edmpica B 3-2 BENJAM\u00cd A<\/strong><\/p>\n<p>Primers dos quarts molt competits on la falta de gol va privar als colomencs de marcar, en canvi els locals si van tenir punteria arribant a la mitja part 2-0. A la segona meitat la Grama va ser molt superior al seu rival arribant a tenir 9 ocasions en 12 minuts. Tot i la derrota els nois van fer un gran treball.<\/p>\n<p>Primeros dos cuartos muy competidos donde la falta de gol priv\u00f3 a los colomenses de marcar, en cambio los locales si tuvieron punter\u00eda llegando a la media parte 2-0. En la segunda mitad la Grama fue muy superior a su rival llegando a tener 9 ocasiones en 12 minutos. Pese a la derrota los chicos hicieron un gran trabajo.<\/p>\n<div class=\"divider\">\n<div class=\"divider\">\n<div class=\"divider\">[divider]<\/div>\n<\/div>\n<\/div>\n<p><strong>Fundaci\u00f3 UE Cornell\u00e0 D 5-2 BENJAM\u00cd B<\/strong><\/p>\n<p>Primer quart letal en qu\u00e8 el partit es va decidir. Tres contraatacs mortals del Cornell\u00e0 van penalitzar a la Grama. Els locals van estar mancats de joc per\u00f2 van matar a la contra. A la segona meitat els colomencs es van sobreposar amb un parcial d&#8217;1-2 insuficient per remuntar.<\/p>\n<p>Primer cuarto letal en el que el partido se decidi\u00f3. Tres contraataques mortales del Cornell\u00e0 penalizaron a la Grama. Los locales estuvieron carentes de juego pero mataron a la contra. En la segunda mitad los colomenses se sobrepusieron con un parcial de 1-2 insuficiente para remontar.<\/p>\n<div>\n<div class=\"clear\">\n<div class=\"divider\"><a href=\"http:\/\/fegrama.cat\/web\/wp-content\/uploads\/2018\/09\/BC.jpeg\"><img loading=\"lazy\" decoding=\"async\" class=\"aligncenter size-large wp-image-25302\" src=\"http:\/\/fegrama.cat\/web\/wp-content\/uploads\/2018\/09\/BC-1024x768.jpeg\" sizes=\"auto, (max-width: 618px) 100vw, 618px\" srcset=\"http:\/\/fegrama.cat\/web\/wp-content\/uploads\/2018\/09\/BC-1024x768.jpeg 1024w, http:\/\/fegrama.cat\/web\/wp-content\/uploads\/2018\/09\/BC-300x225.jpeg 300w, http:\/\/fegrama.cat\/web\/wp-content\/uploads\/2018\/09\/BC-768x576.jpeg 768w, http:\/\/fegrama.cat\/web\/wp-content\/uploads\/2018\/09\/BC.jpeg 1600w\" alt=\"\" width=\"618\" height=\"464\" \/><\/a><\/div>\n<\/div>\n<\/div>\n<p><strong>CD Pomar 1-6 BENJAM\u00cd C<\/strong><\/p>\n<p>Segon partit i segona vict\u00f2ria consecutiva dels colomencs. La Grama va dominar tot el partit mantenint la possessi\u00f3 i el control en tots els quarts. Els va costar ficar el primer gol tot i tenir bones oportunitats. En l&#8217;\u00faltim minut del primer quart va arribar el 0-1, despr\u00e9s d&#8217;una bona centrada de c\u00f3rner d&#8217;Arnau i un fort remat de Derek entrant des de segona l\u00ednia. Amb avantatge al marcador van seguir dominant i combinant molt r\u00e0pid.<\/p>\n<p>Segundo partido y segunda victoria consecutiva de los colomenses. La Grama domin\u00f3 todo el partido manteniendo la posesi\u00f3n y el control en todos los cuartos. Les cost\u00f3 meter el primer gol pese a tener buenas oportunidades. En el \u00faltimo minuto del primer cuarto lleg\u00f3 el 0-1, despu\u00e9s de un buen centro de c\u00f3rner de Arnau y un fuerte remate de Derek entrando desde segunda l\u00ednea. Con ventaja en el marcador siguieron dominando y combinando muy r\u00e1pido.<\/p>\n<div class=\"divider\">[divider]<\/div>\n<p><strong>FE Hospitalet At. C 4-1 BENJAM\u00cd D<\/strong><\/p>\n<p>Primer partit de lliga, on el gram sortir a pels 3 punts des del principi. Es va veure molta igualtat durant els dos primers quarts on els porters van mantenir el 0-0 al marcador. A la represa, els locals es van posar per davant per\u00f2 la Grama va empatar r\u00e0pidament. L&#8217;\u00faltim quart va comen\u00e7ar amb un gol en pr\u00f2pia porta que va enfonsar als colomencs. Van intentar empatar per\u00f2 dos contraatacs del rival van matar el partit.<\/p>\n<p>Primer partido de liga, donde la grama sali\u00d3 a por los 3 puntos desde el principio. Se vio mucha igualdad durante los dos primeros cuartos donde los porteros mantuvieron el 0-0 en el marcador. En la reanudaci\u00f3n, los locales se pusieron por delante pero la Grama empat\u00f3 r\u00e1pidamente. El \u00faltimo cuarto empez\u00f3 con un gol en propia puerta que hundi\u00f3 a los colomenses. Intentaron empatar pero dos contraataques del rival mataron el partido.<\/p>\n<div class=\"clear\">\n<div class=\"clear\">\n<div class=\"clear\">\n<div class=\"clear\">\n<div class=\"clear\">\n<div class=\"clear\">\n<div class=\"divider\">\n<div class=\"clear\">\n<div class=\"clear\">\n<div class=\"clear\">\n<div class=\"clear\">\n<div class=\"divider\"><a href=\"http:\/\/fegrama.cat\/web\/wp-content\/uploads\/2018\/09\/BE1819.jpeg\"><img loading=\"lazy\" decoding=\"async\" class=\"aligncenter size-large wp-image-25213\" src=\"http:\/\/fegrama.cat\/web\/wp-content\/uploads\/2018\/09\/BE1819-1024x760.jpeg\" sizes=\"auto, (max-width: 618px) 100vw, 618px\" srcset=\"http:\/\/fegrama.cat\/web\/wp-content\/uploads\/2018\/09\/BE1819-1024x760.jpeg 1024w, http:\/\/fegrama.cat\/web\/wp-content\/uploads\/2018\/09\/BE1819-300x223.jpeg 300w, http:\/\/fegrama.cat\/web\/wp-content\/uploads\/2018\/09\/BE1819-768x570.jpeg 768w, http:\/\/fegrama.cat\/web\/wp-content\/uploads\/2018\/09\/BE1819.jpeg 1600w\" alt=\"\" width=\"618\" height=\"459\" \/><\/a><\/div>\n<\/div>\n<\/div>\n<\/div>\n<\/div>\n<\/div>\n<\/div>\n<\/div>\n<\/div>\n<\/div>\n<\/div>\n<\/div>\n<p><strong>Amist\u00f3s: FC Martinenc I 3-12 BENJAM\u00cd E<\/strong><\/p>\n","protected":false},"excerpt":{"rendered":"<p>Vila Ol\u00edmpica B 3-2 BENJAM\u00cd A Primers dos quarts molt competits on la falta de gol va privar als colomencs de marcar, en canvi els locals si van tenir punteria arribant a la mitja part 2-0. A la segona meitat la Grama va ser molt superior al seu rival arribant a tenir 9 ocasions en [&hellip;]<\/p>\n","protected":false},"author":1,"featured_media":10727,"comment_status":"closed","ping_status":"closed","sticky":false,"template":"","format":"standard","meta":{"footnotes":""},"categories":[4,11],"tags":[],"class_list":["post-25356","post","type-post","status-publish","format-standard","has-post-thumbnail","hentry","category-base-inclusiu","category-benjamins"],"_links":{"self":[{"href":"http:\/\/fegrama.cat\/web\/wp-json\/wp\/v2\/posts\/25356","targetHints":{"allow":["GET"]}}],"collection":[{"href":"http:\/\/fegrama.cat\/web\/wp-json\/wp\/v2\/posts"}],"about":[{"href":"http:\/\/fegrama.cat\/web\/wp-json\/wp\/v2\/types\/post"}],"author":[{"embeddable":true,"href":"http:\/\/fegrama.cat\/web\/wp-json\/wp\/v2\/users\/1"}],"replies":[{"embeddable":true,"href":"http:\/\/fegrama.cat\/web\/wp-json\/wp\/v2\/comments?post=25356"}],"version-history":[{"count":4,"href":"http:\/\/fegrama.cat\/web\/wp-json\/wp\/v2\/posts\/25356\/revisions"}],"predecessor-version":[{"id":25383,"href":"http:\/\/fegrama.cat\/web\/wp-json\/wp\/v2\/posts\/25356\/revisions\/25383"}],"wp:featuredmedia":[{"embeddable":true,"href":"http:\/\/fegrama.cat\/web\/wp-json\/wp\/v2\/media\/10727"}],"wp:attachment":[{"href":"http:\/\/fegrama.cat\/web\/wp-json\/wp\/v2\/media?parent=25356"}],"wp:term":[{"taxonomy":"category","embeddable":true,"href":"http:\/\/fegrama.cat\/web\/wp-json\/wp\/v2\/categories?post=25356"},{"taxonomy":"post_tag","embeddable":true,"href":"http:\/\/fegrama.cat\/web\/wp-json\/wp\/v2\/tags?post=25356"}],"curies":[{"name":"wp","href":"https:\/\/api.w.org\/{rel}","templated":true}]}}