{"id":25332,"date":"2018-10-04T11:37:50","date_gmt":"2018-10-04T10:37:50","guid":{"rendered":"http:\/\/fegrama.cat\/web\/?p=25332"},"modified":"2018-10-04T11:38:18","modified_gmt":"2018-10-04T10:38:18","slug":"25332-2","status":"publish","type":"post","link":"http:\/\/fegrama.cat\/web\/25332-2\/","title":{"rendered":"Pr\u00e8vies dels equips Infantils (6 i 7 d&#8217;octubre)"},"content":{"rendered":"<p><a href=\"http:\/\/fegrama.cat\/web\/wp-content\/uploads\/2018\/09\/IA1718.jpeg\"><img loading=\"lazy\" decoding=\"async\" class=\"aligncenter size-large wp-image-25310\" src=\"http:\/\/fegrama.cat\/web\/wp-content\/uploads\/2018\/09\/IA1718-1024x769.jpeg\" alt=\"\" width=\"618\" height=\"464\" srcset=\"http:\/\/fegrama.cat\/web\/wp-content\/uploads\/2018\/09\/IA1718-1024x769.jpeg 1024w, http:\/\/fegrama.cat\/web\/wp-content\/uploads\/2018\/09\/IA1718-300x225.jpeg 300w, http:\/\/fegrama.cat\/web\/wp-content\/uploads\/2018\/09\/IA1718-768x577.jpeg 768w, http:\/\/fegrama.cat\/web\/wp-content\/uploads\/2018\/09\/IA1718.jpeg 1600w\" sizes=\"auto, (max-width: 618px) 100vw, 618px\" \/><\/a><\/p>\n<p><strong>INFANTIL A<\/strong><\/p>\n<p>L\u2019equip de Brian Espinola juga dissabte a les 10:30 hores al Municipal de la Grama davant la Vila Ol\u00edmpica B.<\/p>\n<p>El equipo de Brian Espinola juega el s\u00e1bado a las 10:30 horas en el Municipal de la Grama ante la Vila Ol\u00edmpica B.<\/p>\n<div class=\"divider\">[divider]<\/div>\n<p><strong>INFANTIL B<\/strong><\/p>\n<p>L\u2019equip dirigit per V\u00edctor D\u00edaz juguen diumenge\u00a0a les 15:45 hores al Municipal de la Grama davant la PB Barcino.<\/p>\n<p>El equipo dirigido por V\u00edctor D\u00edaz juega el domingo a las 15:45 horas en el Municipal de la Grama ante la PB Barcino.<\/p>\n<p>[divider]<\/p>\n<p><strong>INFANTIL C<\/strong><\/p>\n<p>L\u2019equip de Toni S\u00e1nchez juga diumenge a les 18 hores al Municipal de Sant Vicen\u00e7 de Montalt davant el Santvicent\u00ed B.<\/p>\n<p>El equipo de Toni S\u00e1nchez juega el domingo a las 18 horas en el Municipal de Sant Vicen\u00e7 de Montalt ante el Santvicent\u00ed B.<\/p>\n<p>[divider]<\/p>\n<p><strong>INFANTIL D<\/strong><\/p>\n<p>L\u2019equip de Juan Antonio Abril juga diumenge a les 09:30 hores al Municipal de la Grama davant el Sistrells C.<\/p>\n<p>El equipo de Juan Antonio Abril juega el\u00a0domingo\u00a0a las 09:30 horas en el Municipal de la Grama ante el Sistrells C.<\/p>\n<div class=\"divider\">\n<div class=\"divider\">\n<div class=\"divider\">[divider]<\/div>\n<\/div>\n<\/div>\n<p><strong>INFANTIL E<\/strong><\/p>\n<p>Els nois de Dolors juguen diumenge a les 08:45 hores al Municipal de Les Oliveres davant la EE Guineueta B.<\/p>\n<p>Los chicos de Dolors juegan el domingo a las 08:45 horas en el\u00a0Municipal de Les Oliveres ante la EE Guineueta B.<\/p>\n","protected":false},"excerpt":{"rendered":"<p>INFANTIL A L\u2019equip de Brian Espinola juga dissabte a les 10:30 hores al Municipal de la Grama davant la Vila Ol\u00edmpica B. El equipo de Brian Espinola juega el s\u00e1bado a las 10:30 horas en el Municipal de la Grama ante la Vila Ol\u00edmpica B. [divider] INFANTIL B L\u2019equip dirigit per V\u00edctor D\u00edaz juguen diumenge\u00a0a [&hellip;]<\/p>\n","protected":false},"author":1,"featured_media":7118,"comment_status":"closed","ping_status":"closed","sticky":false,"template":"","format":"standard","meta":{"footnotes":""},"categories":[4,9],"tags":[],"class_list":["post-25332","post","type-post","status-publish","format-standard","has-post-thumbnail","hentry","category-base-inclusiu","category-infantils"],"_links":{"self":[{"href":"http:\/\/fegrama.cat\/web\/wp-json\/wp\/v2\/posts\/25332","targetHints":{"allow":["GET"]}}],"collection":[{"href":"http:\/\/fegrama.cat\/web\/wp-json\/wp\/v2\/posts"}],"about":[{"href":"http:\/\/fegrama.cat\/web\/wp-json\/wp\/v2\/types\/post"}],"author":[{"embeddable":true,"href":"http:\/\/fegrama.cat\/web\/wp-json\/wp\/v2\/users\/1"}],"replies":[{"embeddable":true,"href":"http:\/\/fegrama.cat\/web\/wp-json\/wp\/v2\/comments?post=25332"}],"version-history":[{"count":2,"href":"http:\/\/fegrama.cat\/web\/wp-json\/wp\/v2\/posts\/25332\/revisions"}],"predecessor-version":[{"id":25334,"href":"http:\/\/fegrama.cat\/web\/wp-json\/wp\/v2\/posts\/25332\/revisions\/25334"}],"wp:featuredmedia":[{"embeddable":true,"href":"http:\/\/fegrama.cat\/web\/wp-json\/wp\/v2\/media\/7118"}],"wp:attachment":[{"href":"http:\/\/fegrama.cat\/web\/wp-json\/wp\/v2\/media?parent=25332"}],"wp:term":[{"taxonomy":"category","embeddable":true,"href":"http:\/\/fegrama.cat\/web\/wp-json\/wp\/v2\/categories?post=25332"},{"taxonomy":"post_tag","embeddable":true,"href":"http:\/\/fegrama.cat\/web\/wp-json\/wp\/v2\/tags?post=25332"}],"curies":[{"name":"wp","href":"https:\/\/api.w.org\/{rel}","templated":true}]}}