{"id":25328,"date":"2018-10-04T10:50:28","date_gmt":"2018-10-04T09:50:28","guid":{"rendered":"http:\/\/fegrama.cat\/web\/?p=25328"},"modified":"2018-10-04T10:50:28","modified_gmt":"2018-10-04T09:50:28","slug":"previes-dels-equips-benjamins-6-i-7-doctubre","status":"publish","type":"post","link":"http:\/\/fegrama.cat\/web\/previes-dels-equips-benjamins-6-i-7-doctubre\/","title":{"rendered":"Pr\u00e8vies dels equips Benjamins (6 i 7 d&#8217;octubre)"},"content":{"rendered":"<p><strong>BENJAM\u00cd A<\/strong><\/p>\n<p>L\u2019equip dirigit per Antonio Rosillo juga dissabte a les 11:15 hores al Municipal Clot de la Mel davant el Vila Ol\u00edmpica B.<\/p>\n<p>El equipo dirigido por Antonio Rosillo juega el s\u00e1bado a las 11:15 horas en el Municipal Clot de la Mel ante el Vila Ol\u00edmpica B<\/p>\n<div class=\"divider\">\n<div class=\"divider\">[divider]<\/div>\n<\/div>\n<p><strong>BENJAM\u00cd B<\/strong><\/p>\n<p>L\u2019equip de Jonatan Delgado jugar\u00e0 diumenge a les 11:30 hores al Municipal de Cornell\u00e0 de Llobregat contra la FUE Cornell\u00e0 D.<\/p>\n<p>El equipo de Jonatan Delgado jugar\u00e1 el domingo a las 11:30 horas en el\u00a0Municipal de Cornell\u00e0 de Llobregat contra la FUE Cornell\u00e0 D.<\/p>\n<div>\n<div class=\"clear\">\n<div class=\"divider\"><a href=\"http:\/\/fegrama.cat\/web\/wp-content\/uploads\/2018\/09\/BC.jpeg\"><img loading=\"lazy\" decoding=\"async\" class=\"aligncenter size-large wp-image-25302\" src=\"http:\/\/fegrama.cat\/web\/wp-content\/uploads\/2018\/09\/BC-1024x768.jpeg\" alt=\"\" width=\"618\" height=\"464\" srcset=\"http:\/\/fegrama.cat\/web\/wp-content\/uploads\/2018\/09\/BC-1024x768.jpeg 1024w, http:\/\/fegrama.cat\/web\/wp-content\/uploads\/2018\/09\/BC-300x225.jpeg 300w, http:\/\/fegrama.cat\/web\/wp-content\/uploads\/2018\/09\/BC-768x576.jpeg 768w, http:\/\/fegrama.cat\/web\/wp-content\/uploads\/2018\/09\/BC.jpeg 1600w\" sizes=\"auto, (max-width: 618px) 100vw, 618px\" \/><\/a><\/div>\n<\/div>\n<\/div>\n<p><strong>BENJAM\u00cd C<\/strong><\/p>\n<p>Els nois de Pau juguen dissabte a les 11:15 hores a Badalona davant del CD Pomar.<\/p>\n<p>Los chicos de Pau juegan\u00a0el domingo a las 11:15 horas en Badalona ante el CD Pomar.<\/p>\n<p>[divider]<\/p>\n<p><strong>BENJAM\u00cd D<\/strong><\/p>\n<p>L\u2019equip d\u2019Alex Jim\u00e9nez juga dissabte a les 12:30 hores al Municipal Proven\u00e7ana davant\u00a0la FE Hospitalet At. C.<\/p>\n<p>El equipo de Alex Jim\u00e9nez juega el s\u00e1bado a las 12:30 horas en el Municipal Proven\u00e7ana ante la FE Hospitalet At. C.<\/p>\n<div class=\"clear\">\n<div class=\"clear\">\n<div class=\"clear\">\n<div class=\"clear\">\n<div class=\"clear\">\n<div class=\"clear\">\n<div class=\"divider\">\n<div class=\"clear\">\n<div class=\"clear\">\n<div class=\"clear\">\n<div class=\"clear\">\n<div class=\"divider\"><a href=\"http:\/\/fegrama.cat\/web\/wp-content\/uploads\/2018\/09\/BE1819.jpeg\"><img loading=\"lazy\" decoding=\"async\" class=\"aligncenter size-large wp-image-25213\" src=\"http:\/\/fegrama.cat\/web\/wp-content\/uploads\/2018\/09\/BE1819-1024x760.jpeg\" alt=\"\" width=\"618\" height=\"459\" srcset=\"http:\/\/fegrama.cat\/web\/wp-content\/uploads\/2018\/09\/BE1819-1024x760.jpeg 1024w, http:\/\/fegrama.cat\/web\/wp-content\/uploads\/2018\/09\/BE1819-300x223.jpeg 300w, http:\/\/fegrama.cat\/web\/wp-content\/uploads\/2018\/09\/BE1819-768x570.jpeg 768w, http:\/\/fegrama.cat\/web\/wp-content\/uploads\/2018\/09\/BE1819.jpeg 1600w\" sizes=\"auto, (max-width: 618px) 100vw, 618px\" \/><\/a><\/div>\n<\/div>\n<\/div>\n<\/div>\n<\/div>\n<\/div>\n<\/div>\n<\/div>\n<\/div>\n<\/div>\n<\/div>\n<\/div>\n<p><strong>BENJAM\u00cd E<\/strong><\/p>\n<p>Els nois d&#8217;Enric Ginesta juguen dissabte a les 14:15 hores al Guinard\u00f3 contra el FC Martinenc I, un partit amist\u00f3s.<\/p>\n<p>Los chicos de Enric Ginesta juegan\u00a0el s\u00e1bado a las 14:15 horas en\u00a0el Guinard\u00f3 contra el FC Martinenc I, un partido amistoso.<\/p>\n<p>[divider]<\/p>\n<div>\n<div>\n<div class=\"clear\">\n<p>&nbsp;<\/p>\n<\/div>\n<\/div>\n<div class=\"clear\"><strong>BENJAM\u00cd F<\/strong><\/div>\n<\/div>\n<p>L\u2019equip dirigit per Jorge Casternado t\u00e9 partit dissabte a les 12:30 hores al Municipal de Les Oliveres davant\u00a0el CD Carmelo.<\/p>\n<p>El equipo dirigido por Aitor Granell tiene partido el s\u00e1bado a las 12:30 horas en el\u00a0Municipal de Les Oliveres ante el CD Carmelo.<\/p>\n","protected":false},"excerpt":{"rendered":"<p>BENJAM\u00cd A L\u2019equip dirigit per Antonio Rosillo juga dissabte a les 11:15 hores al Municipal Clot de la Mel davant el Vila Ol\u00edmpica B. El equipo dirigido por Antonio Rosillo juega el s\u00e1bado a las 11:15 horas en el Municipal Clot de la Mel ante el Vila Ol\u00edmpica B [divider] BENJAM\u00cd B L\u2019equip de Jonatan [&hellip;]<\/p>\n","protected":false},"author":1,"featured_media":25213,"comment_status":"closed","ping_status":"closed","sticky":false,"template":"","format":"standard","meta":{"footnotes":""},"categories":[4,11],"tags":[],"class_list":["post-25328","post","type-post","status-publish","format-standard","has-post-thumbnail","hentry","category-base-inclusiu","category-benjamins"],"_links":{"self":[{"href":"http:\/\/fegrama.cat\/web\/wp-json\/wp\/v2\/posts\/25328","targetHints":{"allow":["GET"]}}],"collection":[{"href":"http:\/\/fegrama.cat\/web\/wp-json\/wp\/v2\/posts"}],"about":[{"href":"http:\/\/fegrama.cat\/web\/wp-json\/wp\/v2\/types\/post"}],"author":[{"embeddable":true,"href":"http:\/\/fegrama.cat\/web\/wp-json\/wp\/v2\/users\/1"}],"replies":[{"embeddable":true,"href":"http:\/\/fegrama.cat\/web\/wp-json\/wp\/v2\/comments?post=25328"}],"version-history":[{"count":1,"href":"http:\/\/fegrama.cat\/web\/wp-json\/wp\/v2\/posts\/25328\/revisions"}],"predecessor-version":[{"id":25329,"href":"http:\/\/fegrama.cat\/web\/wp-json\/wp\/v2\/posts\/25328\/revisions\/25329"}],"wp:featuredmedia":[{"embeddable":true,"href":"http:\/\/fegrama.cat\/web\/wp-json\/wp\/v2\/media\/25213"}],"wp:attachment":[{"href":"http:\/\/fegrama.cat\/web\/wp-json\/wp\/v2\/media?parent=25328"}],"wp:term":[{"taxonomy":"category","embeddable":true,"href":"http:\/\/fegrama.cat\/web\/wp-json\/wp\/v2\/categories?post=25328"},{"taxonomy":"post_tag","embeddable":true,"href":"http:\/\/fegrama.cat\/web\/wp-json\/wp\/v2\/tags?post=25328"}],"curies":[{"name":"wp","href":"https:\/\/api.w.org\/{rel}","templated":true}]}}