{"id":25326,"date":"2018-10-04T10:26:17","date_gmt":"2018-10-04T09:26:17","guid":{"rendered":"http:\/\/fegrama.cat\/web\/?p=25326"},"modified":"2018-10-04T10:26:17","modified_gmt":"2018-10-04T09:26:17","slug":"previes-dels-equips-prebenjamins-6-i-7-doctubre","status":"publish","type":"post","link":"http:\/\/fegrama.cat\/web\/previes-dels-equips-prebenjamins-6-i-7-doctubre\/","title":{"rendered":"Pr\u00e8vies dels equips Prebenjamins (6 i 7 d&#8217;octubre)"},"content":{"rendered":"<p><strong>PREBENJAM\u00cd A<\/strong><\/p>\n<p>Els nois d\u2019\u00c1lex L\u00f3pez tenen partit el dissabte a les 12:30 hores al ZEM Can Cabanyes davant el Sistrells CF.<\/p>\n<p>Los chicos d&#8217;\u00c1lex L\u00f3pez tienen partido el s\u00e1bado a las 12:30 horas en el ZEM Can Cabanyes ante el Sistrells CF.<\/p>\n<div>\n<div class=\"clear\">\n<div class=\"clear\">\n<div class=\"clear\">\n<div class=\"clear\">\n<div class=\"clear\">\n<div class=\"clear\">[divider]<\/div>\n<\/div>\n<\/div>\n<\/div>\n<\/div>\n<\/div>\n<\/div>\n<p><strong>PREBENJAM\u00cd B<\/strong><\/p>\n<p>L\u2019equip de\u00a0Rub\u00e9n Jim\u00e9nez juga dissabte a les 11:30 hores al Municipal de Les Oliveres davant el CF Monta\u00f1esa C.<\/p>\n<p>El equipo de Rub\u00e9n Jim\u00e9nez juega el s\u00e1bado a las 11:30 horas en el\u00a0Municipal de Les Oliveres ante el CF Monta\u00f1esa C.<\/p>\n<div class=\"divider\">[divider]<\/div>\n<p><strong>PREBENJAM\u00cd C<\/strong><\/p>\n<p>L&#8217;equip de Miguel \u00c1ngel juga el diumenge a les 10 horas a Badalona davant el CF Unificaci\u00f3n Llefi\u00e0.<\/p>\n<p>El equipo de Miguel \u00c1ngel juega el domingo a las 10 horas en Badalona ante el CF Unificaci\u00f3n Llefi\u00e0.<\/p>\n<div class=\"divider\">[divider]<\/div>\n<p><strong>PREBENJAM\u00cd D<\/strong><\/p>\n<p>Els nois de Jonathan juguen dissabte a les 11 hores a Les Oliveres davant el Sistrells D.<\/p>\n<p>Los chicos de Jonathan juegan el s\u00e1bado a las 11 horas en Les Oliveres contra el Sistrells D.<\/p>\n<p>[divider]<\/p>\n<p><strong>PREBENJAM\u00cd E<\/strong><\/p>\n<p>Els nois d&#8217;Unai juguen dissabte a les 11:15 hores a Barcelona contra el CF Barceloneta.<\/p>\n<p>Los chicos de Unai juegan el s\u00e1bado a las 11:15 horas en Barcelona contra el CF Barceloneta.<\/p>\n","protected":false},"excerpt":{"rendered":"<p>PREBENJAM\u00cd A Els nois d\u2019\u00c1lex L\u00f3pez tenen partit el dissabte a les 12:30 hores al ZEM Can Cabanyes davant el Sistrells CF. Los chicos d&#8217;\u00c1lex L\u00f3pez tienen partido el s\u00e1bado a las 12:30 horas en el ZEM Can Cabanyes ante el Sistrells CF. [divider] PREBENJAM\u00cd B L\u2019equip de\u00a0Rub\u00e9n Jim\u00e9nez juga dissabte a les 11:30 hores [&hellip;]<\/p>\n","protected":false},"author":1,"featured_media":5515,"comment_status":"closed","ping_status":"closed","sticky":false,"template":"","format":"standard","meta":{"footnotes":""},"categories":[4,12],"tags":[],"class_list":["post-25326","post","type-post","status-publish","format-standard","has-post-thumbnail","hentry","category-base-inclusiu","category-prebenjamins"],"_links":{"self":[{"href":"http:\/\/fegrama.cat\/web\/wp-json\/wp\/v2\/posts\/25326","targetHints":{"allow":["GET"]}}],"collection":[{"href":"http:\/\/fegrama.cat\/web\/wp-json\/wp\/v2\/posts"}],"about":[{"href":"http:\/\/fegrama.cat\/web\/wp-json\/wp\/v2\/types\/post"}],"author":[{"embeddable":true,"href":"http:\/\/fegrama.cat\/web\/wp-json\/wp\/v2\/users\/1"}],"replies":[{"embeddable":true,"href":"http:\/\/fegrama.cat\/web\/wp-json\/wp\/v2\/comments?post=25326"}],"version-history":[{"count":1,"href":"http:\/\/fegrama.cat\/web\/wp-json\/wp\/v2\/posts\/25326\/revisions"}],"predecessor-version":[{"id":25327,"href":"http:\/\/fegrama.cat\/web\/wp-json\/wp\/v2\/posts\/25326\/revisions\/25327"}],"wp:featuredmedia":[{"embeddable":true,"href":"http:\/\/fegrama.cat\/web\/wp-json\/wp\/v2\/media\/5515"}],"wp:attachment":[{"href":"http:\/\/fegrama.cat\/web\/wp-json\/wp\/v2\/media?parent=25326"}],"wp:term":[{"taxonomy":"category","embeddable":true,"href":"http:\/\/fegrama.cat\/web\/wp-json\/wp\/v2\/categories?post=25326"},{"taxonomy":"post_tag","embeddable":true,"href":"http:\/\/fegrama.cat\/web\/wp-json\/wp\/v2\/tags?post=25326"}],"curies":[{"name":"wp","href":"https:\/\/api.w.org\/{rel}","templated":true}]}}