{"id":251,"date":"2013-12-02T15:08:40","date_gmt":"2013-12-02T15:08:40","guid":{"rendered":"http:\/\/fegrama.cat\/web\/?p=251"},"modified":"2013-12-02T23:36:01","modified_gmt":"2013-12-02T23:36:01","slug":"el-quarta-catalana-ha-caigut-per-2-1-en-lultim-minut-davant-el-lider-el-mirasol-baco-unio","status":"publish","type":"post","link":"http:\/\/fegrama.cat\/web\/el-quarta-catalana-ha-caigut-per-2-1-en-lultim-minut-davant-el-lider-el-mirasol-baco-unio\/","title":{"rendered":"El Quarta Catalana ha caigut per 2-1 en l&#8217;\u00faltim minut davant el l\u00edder, el Mirasol-Baco Uni\u00f3"},"content":{"rendered":"<p style=\"text-align: justify;\"><span style=\"color: #000000;\">El primer equip de la FEG, en el Grup 15 de <b>Quarta Catalana<\/b>, ha caigut en l&#8217;\u00faltim minut davant el l\u00edder, el <b>Mirasol-Baco Uni\u00f3<\/b>.<\/span><\/p>\n<p style=\"text-align: justify;\"><span style=\"color: #000000;\">A punt ha estat l&#8217;equip de <b>Jordi Herv\u00e1s<\/b> de sumar despr\u00e9s de tres vict\u00f2ries consecutives per\u00f2 el gol de <b>Carlos Fern\u00e1ndez<\/b> al minut 60 i que empatava el partit finalment no va servir davant el gol a les acaballes de la trobada.<\/span><\/p>\n<p style=\"text-align: justify;\"><span style=\"color: #000000;\">L&#8217;equip de <b>Santa Coloma<\/b> segueix a la meitat de la taula, en novena posici\u00f3, i la jornada seg\u00fcent, la 12, rebr\u00e0 al seu immediat perseguidor a la classificaci\u00f3, el <b>Escola Barber\u00e0<\/b> el proper 15 de desembre des de les 11:45 hores al <b>Nou Municipal de Santa Coloma<\/b>.<\/span><\/p>\n","protected":false},"excerpt":{"rendered":"<p>El primer equip de la FEG, en el Grup 15 de Quarta Catalana, ha caigut en l&#8217;\u00faltim minut davant el l\u00edder, el Mirasol-Baco Uni\u00f3. A punt ha estat l&#8217;equip de Jordi Herv\u00e1s de sumar despr\u00e9s de tres vict\u00f2ries consecutives per\u00f2 el gol de Carlos Fern\u00e1ndez al minut 60 i que empatava el partit finalment no [&hellip;]<\/p>\n","protected":false},"author":1,"featured_media":296,"comment_status":"closed","ping_status":"closed","sticky":false,"template":"","format":"standard","meta":{"footnotes":""},"categories":[4,5],"tags":[19,37,27,36,21],"class_list":["post-251","post","type-post","status-publish","format-standard","has-post-thumbnail","hentry","category-base-inclusiu","category-primer-equip","tag-feg","tag-mirasol-baco-unio","tag-nou-municipal","tag-quarta-catalana","tag-santa-coloma"],"_links":{"self":[{"href":"http:\/\/fegrama.cat\/web\/wp-json\/wp\/v2\/posts\/251","targetHints":{"allow":["GET"]}}],"collection":[{"href":"http:\/\/fegrama.cat\/web\/wp-json\/wp\/v2\/posts"}],"about":[{"href":"http:\/\/fegrama.cat\/web\/wp-json\/wp\/v2\/types\/post"}],"author":[{"embeddable":true,"href":"http:\/\/fegrama.cat\/web\/wp-json\/wp\/v2\/users\/1"}],"replies":[{"embeddable":true,"href":"http:\/\/fegrama.cat\/web\/wp-json\/wp\/v2\/comments?post=251"}],"version-history":[{"count":1,"href":"http:\/\/fegrama.cat\/web\/wp-json\/wp\/v2\/posts\/251\/revisions"}],"predecessor-version":[{"id":252,"href":"http:\/\/fegrama.cat\/web\/wp-json\/wp\/v2\/posts\/251\/revisions\/252"}],"wp:featuredmedia":[{"embeddable":true,"href":"http:\/\/fegrama.cat\/web\/wp-json\/wp\/v2\/media\/296"}],"wp:attachment":[{"href":"http:\/\/fegrama.cat\/web\/wp-json\/wp\/v2\/media?parent=251"}],"wp:term":[{"taxonomy":"category","embeddable":true,"href":"http:\/\/fegrama.cat\/web\/wp-json\/wp\/v2\/categories?post=251"},{"taxonomy":"post_tag","embeddable":true,"href":"http:\/\/fegrama.cat\/web\/wp-json\/wp\/v2\/tags?post=251"}],"curies":[{"name":"wp","href":"https:\/\/api.w.org\/{rel}","templated":true}]}}